{"id":9091,"date":"2015-09-15T08:38:47","date_gmt":"2015-09-15T06:38:47","guid":{"rendered":"https:\/\/clothildelasserre.com\/\/news3\/du-8-au-11-octobre-2015-am-tm-artexpo-cite-internationale-des-arts-paris-2\/"},"modified":"2020-12-24T13:39:23","modified_gmt":"2020-12-24T12:39:23","slug":"from-8-to-11-october-2015-am-tm-artexpo-cite-internationale-des-arts-paris","status":"publish","type":"post","link":"https:\/\/clothildelasserre.com\/en\/from-8-to-11-october-2015-am-tm-artexpo-cite-internationale-des-arts-paris\/","title":{"rendered":"From 8 to 11 October 2015 \u2013 AM TM ART\u2019EXPO \u2013 Cit\u00e9 Internationale des Arts \u2013 Paris"},"content":{"rendered":"<p><a href=\"https:\/\/clothildelasserre.com\/\/wp-content\/uploads\/2015\/09\/AMTM-2015_carton-A5_OK2-1.jpg\" data-elementor-open-lightbox=\"yes\" data-elementor-lightbox-title=\"AMTM-2015_carton-A5_OK2-1\"><br \/>\n\t\t\t\t\t\t\t<img decoding=\"async\" width=\"722\" height=\"1024\" src=\"https:\/\/clothildelasserre.com\/\/wp-content\/uploads\/2015\/09\/AMTM-2015_carton-A5_OK2-1-722x1024.jpg\" alt=\"\" loading=\"lazy\" srcset=\"https:\/\/clothildelasserre.com\/\/wp-content\/uploads\/2015\/09\/AMTM-2015_carton-A5_OK2-1-722x1024.jpg 722w, https:\/\/clothildelasserre.com\/\/wp-content\/uploads\/2015\/09\/AMTM-2015_carton-A5_OK2-1-211x300.jpg 211w, https:\/\/clothildelasserre.com\/\/wp-content\/uploads\/2015\/09\/AMTM-2015_carton-A5_OK2-1-768x1090.jpg 768w, https:\/\/clothildelasserre.com\/\/wp-content\/uploads\/2015\/09\/AMTM-2015_carton-A5_OK2-1-1083x1536.jpg 1083w, https:\/\/clothildelasserre.com\/\/wp-content\/uploads\/2015\/09\/AMTM-2015_carton-A5_OK2-1-1444x2048.jpg 1444w, https:\/\/clothildelasserre.com\/\/wp-content\/uploads\/2015\/09\/AMTM-2015_carton-A5_OK2-1-700x993.jpg 700w, https:\/\/clothildelasserre.com\/\/wp-content\/uploads\/2015\/09\/AMTM-2015_carton-A5_OK2-1.jpg 1748w\" sizes=\"auto, (max-width: 722px) 100vw, 722px\" \/>\t\t\t\t\t\t\t\t<\/a><\/p>\n<h2 style=\"text-align: center;\"><strong>EXPOSITION AMTM Art&#8217;EXPO<\/strong><\/h2>\n<p style=\"text-align: center;\">Peintures | Dessins | Photos | Sculptures | Gravures<br \/>Jeudi 08<br \/>Vendredi 09<br \/>Samedi 10<br \/>Dimanche 11<br \/>octobre 2015<\/p>\n<p style=\"text-align: center;\">AU PROFIT DE L\u2019ASSOCIATION<br \/>ASSISTANCE M\u00c9DICALE<br \/>TOIT DU MONDE<\/p>\n<p style=\"text-align: center;\"><strong>L\u2019Association Assistance M\u00e9dicale Toit du Monde a le plaisir de vous inviter au vernissage de l\u2019exposition<\/strong><\/p>\n<h3 style=\"text-align: center;\">Jeudi 08 octobre de 18h \u00e0 22h<\/h3>\n<p style=\"text-align: center;\">ouvert les vendredi 09, samedi 10<br \/>et dimanche 11 octobre<br \/>de 14h \u00e0 19 H<\/p>\n<p style=\"text-align: center;\">\u00e0 la cit\u00e9 internationale des arts<br \/>18, rue de l\u2019h\u00f4tel de ville<br \/>75004 Paris<\/p>\n<p style=\"text-align: center;\"><em>40 % du produit des \u0153uvres seront revers\u00e9s \u00e0 l\u2019association<\/em><\/p>\n<p style=\"text-align: center;\">M\u00c9TRO : Pont-Marie \/\/ ST -Paul<br \/>Bus : 96, 67<br \/>RER : Saint-Michel Notre-Dame<br \/>V\u00e9lib\u2019 : Place du Bataillon fran\u00e7ais de l\u2019ONU \/\/<br \/>Mairie du 4\u00e8me \/\/ 25, Rue du pont Louis Philippe<br \/>Parking public : Pont Marie<\/p>\n","protected":false},"excerpt":{"rendered":"<p>L\u2019Association Assistance M\u00e9dicale Toit du Monde a le plaisir de vous inviter au vernissage de l\u2019exposition : jeudi 08 octobre de 18h \u00e0 22h<\/p>\n","protected":false},"author":1,"featured_media":15016,"comment_status":"closed","ping_status":"closed","sticky":false,"template":"","format":"standard","meta":{"_acf_changed":false,"_gspb_post_css":"","_kad_blocks_custom_css":"","_kad_blocks_head_custom_js":"","_kad_blocks_body_custom_js":"","_kad_blocks_footer_custom_js":"","_kadence_starter_templates_imported_post":false,"_kad_post_transparent":"","_kad_post_title":"","_kad_post_layout":"","_kad_post_sidebar_id":"","_kad_post_content_style":"","_kad_post_vertical_padding":"","_kad_post_feature":"","_kad_post_feature_position":"","_kad_post_header":false,"_kad_post_footer":false,"_kad_post_classname":"","footnotes":""},"categories":[286],"tags":[],"class_list":["post-9091","post","type-post","status-publish","format-standard","has-post-thumbnail","hentry","category-exhibitions"],"acf":[],"yoast_head":"<!-- This site is optimized with the Yoast SEO plugin v26.8 - https:\/\/yoast.com\/product\/yoast-seo-wordpress\/ -->\n<title>Du 8 au 11 Octobre 2015 - AM TM ART&#039;EXPO - Cit\u00e9 Internationale des Arts - Paris<\/title>\n<meta name=\"description\" content=\"Exposition AM TM Art&#039;Expo au profit de l&#039;association assistance m\u00e9dicale toit du monde du jeudi 8 octobre au dimanche 11 octobre 2015 \u00e0 la Cit\u00e9 internationale des arts de Paris, 18 rue de l&#039;h\u00f4tel de ville 75004 Paris Artistes invit\u00e9s : HUGUes aBsil maUriCe amZallaG mO CatHeriNe BaillY Pierre BaYle NiCOlas CrOU\u00cfGNeaU mattHieU eXPOsitO matHias Gali samUel Gelas maNUel JUmeaU Katia laFitte ClOtHilDe lasserre CatY l\u00e9V\u00caQUe mYriam lOUVel isaBelle meGliNKY Pierre millOtte mili PresmaN mYOUNG HeUi rYU selim sa\u00cfaH martiNe saiNt-arrOmaN PHiliPPe saiNte FaUste GUillemette sCHlUmBerGer PHiliPPe teissier FreD treNteseaUX mYUNG rim Yi\" \/>\n<meta name=\"robots\" content=\"index, follow, max-snippet:-1, max-image-preview:large, max-video-preview:-1\" \/>\n<link rel=\"canonical\" href=\"https:\/\/clothildelasserre.com\/en\/from-8-to-11-october-2015-am-tm-artexpo-cite-internationale-des-arts-paris\/\" \/>\n<meta property=\"og:locale\" content=\"en_US\" \/>\n<meta property=\"og:type\" content=\"article\" \/>\n<meta property=\"og:title\" content=\"Du 8 au 11 Octobre 2015 - AM TM ART&#039;EXPO - Cit\u00e9 Internationale des Arts - Paris\" \/>\n<meta property=\"og:description\" content=\"Exposition AM TM Art&#039;Expo au profit de l&#039;association assistance m\u00e9dicale toit du monde du jeudi 8 octobre au dimanche 11 octobre 2015 \u00e0 la Cit\u00e9 internationale des arts de Paris, 18 rue de l&#039;h\u00f4tel de ville 75004 Paris Artistes invit\u00e9s : HUGUes aBsil maUriCe amZallaG mO CatHeriNe BaillY Pierre BaYle NiCOlas CrOU\u00cfGNeaU mattHieU eXPOsitO matHias Gali samUel Gelas maNUel JUmeaU Katia laFitte ClOtHilDe lasserre CatY l\u00e9V\u00caQUe mYriam lOUVel isaBelle meGliNKY Pierre millOtte mili PresmaN mYOUNG HeUi rYU selim sa\u00cfaH martiNe saiNt-arrOmaN PHiliPPe saiNte FaUste GUillemette sCHlUmBerGer PHiliPPe teissier FreD treNteseaUX mYUNG rim Yi\" \/>\n<meta property=\"og:url\" content=\"https:\/\/clothildelasserre.com\/en\/from-8-to-11-october-2015-am-tm-artexpo-cite-internationale-des-arts-paris\/\" \/>\n<meta property=\"og:site_name\" content=\"Clothilde Lasserre\" \/>\n<meta property=\"article:publisher\" content=\"https:\/\/fr-fr.facebook.com\/clothildelasserreartistepeintre\/\" \/>\n<meta property=\"article:published_time\" content=\"2015-09-15T06:38:47+00:00\" \/>\n<meta property=\"article:modified_time\" content=\"2020-12-24T12:39:23+00:00\" \/>\n<meta property=\"og:image\" content=\"https:\/\/clothildelasserre.com\/wp-content\/uploads\/2015\/09\/AMTM-2015_carton-A5_OK2-1.jpg\" \/>\n\t<meta property=\"og:image:width\" content=\"1748\" \/>\n\t<meta property=\"og:image:height\" content=\"2480\" \/>\n\t<meta property=\"og:image:type\" content=\"image\/jpeg\" \/>\n<meta name=\"author\" content=\"Clothilde Lasserre\" \/>\n<meta name=\"twitter:card\" content=\"summary_large_image\" \/>\n<meta name=\"twitter:creator\" content=\"@clolasserre\" \/>\n<meta name=\"twitter:site\" content=\"@clolasserre\" \/>\n<meta name=\"twitter:label1\" content=\"Written by\" \/>\n\t<meta name=\"twitter:data1\" content=\"Clothilde Lasserre\" \/>\n<script type=\"application\/ld+json\" class=\"yoast-schema-graph\">{\"@context\":\"https:\/\/schema.org\",\"@graph\":[{\"@type\":\"Article\",\"@id\":\"https:\/\/clothildelasserre.com\/en\/from-8-to-11-october-2015-am-tm-artexpo-cite-internationale-des-arts-paris\/#article\",\"isPartOf\":{\"@id\":\"https:\/\/clothildelasserre.com\/en\/from-8-to-11-october-2015-am-tm-artexpo-cite-internationale-des-arts-paris\/\"},\"author\":{\"name\":\"Clothilde Lasserre\",\"@id\":\"https:\/\/clothildelasserre.com\/#\/schema\/person\/0933af825f73a20ee2987ca96fa3b1bd\"},\"headline\":\"From 8 to 11 October 2015 \u2013 AM TM ART\u2019EXPO \u2013 Cit\u00e9 Internationale des Arts \u2013 Paris\",\"datePublished\":\"2015-09-15T06:38:47+00:00\",\"dateModified\":\"2020-12-24T12:39:23+00:00\",\"mainEntityOfPage\":{\"@id\":\"https:\/\/clothildelasserre.com\/en\/from-8-to-11-october-2015-am-tm-artexpo-cite-internationale-des-arts-paris\/\"},\"wordCount\":117,\"publisher\":{\"@id\":\"https:\/\/clothildelasserre.com\/#organization\"},\"image\":{\"@id\":\"https:\/\/clothildelasserre.com\/en\/from-8-to-11-october-2015-am-tm-artexpo-cite-internationale-des-arts-paris\/#primaryimage\"},\"thumbnailUrl\":\"https:\/\/clothildelasserre.com\/wp-content\/uploads\/2015\/09\/AMTM-2015_carton-A5_OK2-1.jpg\",\"articleSection\":[\"Exhibitions\"],\"inLanguage\":\"en-US\"},{\"@type\":\"WebPage\",\"@id\":\"https:\/\/clothildelasserre.com\/en\/from-8-to-11-october-2015-am-tm-artexpo-cite-internationale-des-arts-paris\/\",\"url\":\"https:\/\/clothildelasserre.com\/en\/from-8-to-11-october-2015-am-tm-artexpo-cite-internationale-des-arts-paris\/\",\"name\":\"Du 8 au 11 Octobre 2015 - AM TM ART'EXPO - Cit\u00e9 Internationale des Arts - Paris\",\"isPartOf\":{\"@id\":\"https:\/\/clothildelasserre.com\/#website\"},\"primaryImageOfPage\":{\"@id\":\"https:\/\/clothildelasserre.com\/en\/from-8-to-11-october-2015-am-tm-artexpo-cite-internationale-des-arts-paris\/#primaryimage\"},\"image\":{\"@id\":\"https:\/\/clothildelasserre.com\/en\/from-8-to-11-october-2015-am-tm-artexpo-cite-internationale-des-arts-paris\/#primaryimage\"},\"thumbnailUrl\":\"https:\/\/clothildelasserre.com\/wp-content\/uploads\/2015\/09\/AMTM-2015_carton-A5_OK2-1.jpg\",\"datePublished\":\"2015-09-15T06:38:47+00:00\",\"dateModified\":\"2020-12-24T12:39:23+00:00\",\"description\":\"Exposition AM TM Art'Expo au profit de l'association assistance m\u00e9dicale toit du monde du jeudi 8 octobre au dimanche 11 octobre 2015 \u00e0 la Cit\u00e9 internationale des arts de Paris, 18 rue de l'h\u00f4tel de ville 75004 Paris Artistes invit\u00e9s : HUGUes aBsil maUriCe amZallaG mO CatHeriNe BaillY Pierre BaYle NiCOlas CrOU\u00cfGNeaU mattHieU eXPOsitO matHias Gali samUel Gelas maNUel JUmeaU Katia laFitte ClOtHilDe lasserre CatY l\u00e9V\u00caQUe mYriam lOUVel isaBelle meGliNKY Pierre millOtte mili PresmaN mYOUNG HeUi rYU selim sa\u00cfaH martiNe saiNt-arrOmaN PHiliPPe saiNte FaUste GUillemette sCHlUmBerGer PHiliPPe teissier FreD treNteseaUX mYUNG rim Yi\",\"breadcrumb\":{\"@id\":\"https:\/\/clothildelasserre.com\/en\/from-8-to-11-october-2015-am-tm-artexpo-cite-internationale-des-arts-paris\/#breadcrumb\"},\"inLanguage\":\"en-US\",\"potentialAction\":[{\"@type\":\"ReadAction\",\"target\":[\"https:\/\/clothildelasserre.com\/en\/from-8-to-11-october-2015-am-tm-artexpo-cite-internationale-des-arts-paris\/\"]}]},{\"@type\":\"ImageObject\",\"inLanguage\":\"en-US\",\"@id\":\"https:\/\/clothildelasserre.com\/en\/from-8-to-11-october-2015-am-tm-artexpo-cite-internationale-des-arts-paris\/#primaryimage\",\"url\":\"https:\/\/clothildelasserre.com\/wp-content\/uploads\/2015\/09\/AMTM-2015_carton-A5_OK2-1.jpg\",\"contentUrl\":\"https:\/\/clothildelasserre.com\/wp-content\/uploads\/2015\/09\/AMTM-2015_carton-A5_OK2-1.jpg\",\"width\":1748,\"height\":2480},{\"@type\":\"BreadcrumbList\",\"@id\":\"https:\/\/clothildelasserre.com\/en\/from-8-to-11-october-2015-am-tm-artexpo-cite-internationale-des-arts-paris\/#breadcrumb\",\"itemListElement\":[{\"@type\":\"ListItem\",\"position\":1,\"name\":\"Accueil\",\"item\":\"https:\/\/clothildelasserre.com\/en\/\"},{\"@type\":\"ListItem\",\"position\":2,\"name\":\"From 8 to 11 October 2015 \u2013 AM TM ART\u2019EXPO \u2013 Cit\u00e9 Internationale des Arts \u2013 Paris\"}]},{\"@type\":\"WebSite\",\"@id\":\"https:\/\/clothildelasserre.com\/#website\",\"url\":\"https:\/\/clothildelasserre.com\/\",\"name\":\"Clothilde Lasserre\",\"description\":\"Artiste - France\",\"publisher\":{\"@id\":\"https:\/\/clothildelasserre.com\/#organization\"},\"potentialAction\":[{\"@type\":\"SearchAction\",\"target\":{\"@type\":\"EntryPoint\",\"urlTemplate\":\"https:\/\/clothildelasserre.com\/?s={search_term_string}\"},\"query-input\":{\"@type\":\"PropertyValueSpecification\",\"valueRequired\":true,\"valueName\":\"search_term_string\"}}],\"inLanguage\":\"en-US\"},{\"@type\":\"Organization\",\"@id\":\"https:\/\/clothildelasserre.com\/#organization\",\"name\":\"Clothilde Lasserre\",\"url\":\"https:\/\/clothildelasserre.com\/\",\"logo\":{\"@type\":\"ImageObject\",\"inLanguage\":\"en-US\",\"@id\":\"https:\/\/clothildelasserre.com\/#\/schema\/logo\/image\/\",\"url\":\"https:\/\/clothildelasserre.com\/wp-content\/uploads\/2024\/09\/Clothilde-Lasserre-logo-retina.png\",\"contentUrl\":\"https:\/\/clothildelasserre.com\/wp-content\/uploads\/2024\/09\/Clothilde-Lasserre-logo-retina.png\",\"width\":440,\"height\":246,\"caption\":\"Clothilde Lasserre\"},\"image\":{\"@id\":\"https:\/\/clothildelasserre.com\/#\/schema\/logo\/image\/\"},\"sameAs\":[\"https:\/\/fr-fr.facebook.com\/clothildelasserreartistepeintre\/\",\"https:\/\/x.com\/clolasserre\",\"https:\/\/www.instagram.com\/clothilde_lasserre_artist\/\"]},{\"@type\":\"Person\",\"@id\":\"https:\/\/clothildelasserre.com\/#\/schema\/person\/0933af825f73a20ee2987ca96fa3b1bd\",\"name\":\"Clothilde Lasserre\"}]}<\/script>\n<!-- \/ Yoast SEO plugin. -->","yoast_head_json":{"title":"Du 8 au 11 Octobre 2015 - AM TM ART'EXPO - Cit\u00e9 Internationale des Arts - Paris","description":"Exposition AM TM Art'Expo au profit de l'association assistance m\u00e9dicale toit du monde du jeudi 8 octobre au dimanche 11 octobre 2015 \u00e0 la Cit\u00e9 internationale des arts de Paris, 18 rue de l'h\u00f4tel de ville 75004 Paris Artistes invit\u00e9s : HUGUes aBsil maUriCe amZallaG mO CatHeriNe BaillY Pierre BaYle NiCOlas CrOU\u00cfGNeaU mattHieU eXPOsitO matHias Gali samUel Gelas maNUel JUmeaU Katia laFitte ClOtHilDe lasserre CatY l\u00e9V\u00caQUe mYriam lOUVel isaBelle meGliNKY Pierre millOtte mili PresmaN mYOUNG HeUi rYU selim sa\u00cfaH martiNe saiNt-arrOmaN PHiliPPe saiNte FaUste GUillemette sCHlUmBerGer PHiliPPe teissier FreD treNteseaUX mYUNG rim Yi","robots":{"index":"index","follow":"follow","max-snippet":"max-snippet:-1","max-image-preview":"max-image-preview:large","max-video-preview":"max-video-preview:-1"},"canonical":"https:\/\/clothildelasserre.com\/en\/from-8-to-11-october-2015-am-tm-artexpo-cite-internationale-des-arts-paris\/","og_locale":"en_US","og_type":"article","og_title":"Du 8 au 11 Octobre 2015 - AM TM ART'EXPO - Cit\u00e9 Internationale des Arts - Paris","og_description":"Exposition AM TM Art'Expo au profit de l'association assistance m\u00e9dicale toit du monde du jeudi 8 octobre au dimanche 11 octobre 2015 \u00e0 la Cit\u00e9 internationale des arts de Paris, 18 rue de l'h\u00f4tel de ville 75004 Paris Artistes invit\u00e9s : HUGUes aBsil maUriCe amZallaG mO CatHeriNe BaillY Pierre BaYle NiCOlas CrOU\u00cfGNeaU mattHieU eXPOsitO matHias Gali samUel Gelas maNUel JUmeaU Katia laFitte ClOtHilDe lasserre CatY l\u00e9V\u00caQUe mYriam lOUVel isaBelle meGliNKY Pierre millOtte mili PresmaN mYOUNG HeUi rYU selim sa\u00cfaH martiNe saiNt-arrOmaN PHiliPPe saiNte FaUste GUillemette sCHlUmBerGer PHiliPPe teissier FreD treNteseaUX mYUNG rim Yi","og_url":"https:\/\/clothildelasserre.com\/en\/from-8-to-11-october-2015-am-tm-artexpo-cite-internationale-des-arts-paris\/","og_site_name":"Clothilde Lasserre","article_publisher":"https:\/\/fr-fr.facebook.com\/clothildelasserreartistepeintre\/","article_published_time":"2015-09-15T06:38:47+00:00","article_modified_time":"2020-12-24T12:39:23+00:00","og_image":[{"width":1748,"height":2480,"url":"https:\/\/clothildelasserre.com\/wp-content\/uploads\/2015\/09\/AMTM-2015_carton-A5_OK2-1.jpg","type":"image\/jpeg"}],"author":"Clothilde Lasserre","twitter_card":"summary_large_image","twitter_creator":"@clolasserre","twitter_site":"@clolasserre","twitter_misc":{"Written by":"Clothilde Lasserre"},"schema":{"@context":"https:\/\/schema.org","@graph":[{"@type":"Article","@id":"https:\/\/clothildelasserre.com\/en\/from-8-to-11-october-2015-am-tm-artexpo-cite-internationale-des-arts-paris\/#article","isPartOf":{"@id":"https:\/\/clothildelasserre.com\/en\/from-8-to-11-october-2015-am-tm-artexpo-cite-internationale-des-arts-paris\/"},"author":{"name":"Clothilde Lasserre","@id":"https:\/\/clothildelasserre.com\/#\/schema\/person\/0933af825f73a20ee2987ca96fa3b1bd"},"headline":"From 8 to 11 October 2015 \u2013 AM TM ART\u2019EXPO \u2013 Cit\u00e9 Internationale des Arts \u2013 Paris","datePublished":"2015-09-15T06:38:47+00:00","dateModified":"2020-12-24T12:39:23+00:00","mainEntityOfPage":{"@id":"https:\/\/clothildelasserre.com\/en\/from-8-to-11-october-2015-am-tm-artexpo-cite-internationale-des-arts-paris\/"},"wordCount":117,"publisher":{"@id":"https:\/\/clothildelasserre.com\/#organization"},"image":{"@id":"https:\/\/clothildelasserre.com\/en\/from-8-to-11-october-2015-am-tm-artexpo-cite-internationale-des-arts-paris\/#primaryimage"},"thumbnailUrl":"https:\/\/clothildelasserre.com\/wp-content\/uploads\/2015\/09\/AMTM-2015_carton-A5_OK2-1.jpg","articleSection":["Exhibitions"],"inLanguage":"en-US"},{"@type":"WebPage","@id":"https:\/\/clothildelasserre.com\/en\/from-8-to-11-october-2015-am-tm-artexpo-cite-internationale-des-arts-paris\/","url":"https:\/\/clothildelasserre.com\/en\/from-8-to-11-october-2015-am-tm-artexpo-cite-internationale-des-arts-paris\/","name":"Du 8 au 11 Octobre 2015 - AM TM ART'EXPO - Cit\u00e9 Internationale des Arts - Paris","isPartOf":{"@id":"https:\/\/clothildelasserre.com\/#website"},"primaryImageOfPage":{"@id":"https:\/\/clothildelasserre.com\/en\/from-8-to-11-october-2015-am-tm-artexpo-cite-internationale-des-arts-paris\/#primaryimage"},"image":{"@id":"https:\/\/clothildelasserre.com\/en\/from-8-to-11-october-2015-am-tm-artexpo-cite-internationale-des-arts-paris\/#primaryimage"},"thumbnailUrl":"https:\/\/clothildelasserre.com\/wp-content\/uploads\/2015\/09\/AMTM-2015_carton-A5_OK2-1.jpg","datePublished":"2015-09-15T06:38:47+00:00","dateModified":"2020-12-24T12:39:23+00:00","description":"Exposition AM TM Art'Expo au profit de l'association assistance m\u00e9dicale toit du monde du jeudi 8 octobre au dimanche 11 octobre 2015 \u00e0 la Cit\u00e9 internationale des arts de Paris, 18 rue de l'h\u00f4tel de ville 75004 Paris Artistes invit\u00e9s : HUGUes aBsil maUriCe amZallaG mO CatHeriNe BaillY Pierre BaYle NiCOlas CrOU\u00cfGNeaU mattHieU eXPOsitO matHias Gali samUel Gelas maNUel JUmeaU Katia laFitte ClOtHilDe lasserre CatY l\u00e9V\u00caQUe mYriam lOUVel isaBelle meGliNKY Pierre millOtte mili PresmaN mYOUNG HeUi rYU selim sa\u00cfaH martiNe saiNt-arrOmaN PHiliPPe saiNte FaUste GUillemette sCHlUmBerGer PHiliPPe teissier FreD treNteseaUX mYUNG rim Yi","breadcrumb":{"@id":"https:\/\/clothildelasserre.com\/en\/from-8-to-11-october-2015-am-tm-artexpo-cite-internationale-des-arts-paris\/#breadcrumb"},"inLanguage":"en-US","potentialAction":[{"@type":"ReadAction","target":["https:\/\/clothildelasserre.com\/en\/from-8-to-11-october-2015-am-tm-artexpo-cite-internationale-des-arts-paris\/"]}]},{"@type":"ImageObject","inLanguage":"en-US","@id":"https:\/\/clothildelasserre.com\/en\/from-8-to-11-october-2015-am-tm-artexpo-cite-internationale-des-arts-paris\/#primaryimage","url":"https:\/\/clothildelasserre.com\/wp-content\/uploads\/2015\/09\/AMTM-2015_carton-A5_OK2-1.jpg","contentUrl":"https:\/\/clothildelasserre.com\/wp-content\/uploads\/2015\/09\/AMTM-2015_carton-A5_OK2-1.jpg","width":1748,"height":2480},{"@type":"BreadcrumbList","@id":"https:\/\/clothildelasserre.com\/en\/from-8-to-11-october-2015-am-tm-artexpo-cite-internationale-des-arts-paris\/#breadcrumb","itemListElement":[{"@type":"ListItem","position":1,"name":"Accueil","item":"https:\/\/clothildelasserre.com\/en\/"},{"@type":"ListItem","position":2,"name":"From 8 to 11 October 2015 \u2013 AM TM ART\u2019EXPO \u2013 Cit\u00e9 Internationale des Arts \u2013 Paris"}]},{"@type":"WebSite","@id":"https:\/\/clothildelasserre.com\/#website","url":"https:\/\/clothildelasserre.com\/","name":"Clothilde Lasserre","description":"Artiste - France","publisher":{"@id":"https:\/\/clothildelasserre.com\/#organization"},"potentialAction":[{"@type":"SearchAction","target":{"@type":"EntryPoint","urlTemplate":"https:\/\/clothildelasserre.com\/?s={search_term_string}"},"query-input":{"@type":"PropertyValueSpecification","valueRequired":true,"valueName":"search_term_string"}}],"inLanguage":"en-US"},{"@type":"Organization","@id":"https:\/\/clothildelasserre.com\/#organization","name":"Clothilde Lasserre","url":"https:\/\/clothildelasserre.com\/","logo":{"@type":"ImageObject","inLanguage":"en-US","@id":"https:\/\/clothildelasserre.com\/#\/schema\/logo\/image\/","url":"https:\/\/clothildelasserre.com\/wp-content\/uploads\/2024\/09\/Clothilde-Lasserre-logo-retina.png","contentUrl":"https:\/\/clothildelasserre.com\/wp-content\/uploads\/2024\/09\/Clothilde-Lasserre-logo-retina.png","width":440,"height":246,"caption":"Clothilde Lasserre"},"image":{"@id":"https:\/\/clothildelasserre.com\/#\/schema\/logo\/image\/"},"sameAs":["https:\/\/fr-fr.facebook.com\/clothildelasserreartistepeintre\/","https:\/\/x.com\/clolasserre","https:\/\/www.instagram.com\/clothilde_lasserre_artist\/"]},{"@type":"Person","@id":"https:\/\/clothildelasserre.com\/#\/schema\/person\/0933af825f73a20ee2987ca96fa3b1bd","name":"Clothilde Lasserre"}]}},"taxonomy_info":{"category":[{"value":286,"label":"Exhibitions"}]},"featured_image_src_large":["https:\/\/clothildelasserre.com\/wp-content\/uploads\/2015\/09\/AMTM-2015_carton-A5_OK2-1-722x1024.jpg",722,1024,true],"author_info":{"display_name":"Clothilde Lasserre","author_link":"https:\/\/clothildelasserre.com\/en\/author\/clo\/"},"comment_info":0,"category_info":[{"term_id":286,"name":"Exhibitions","slug":"exhibitions","term_group":0,"term_taxonomy_id":286,"taxonomy":"category","description":"","parent":0,"count":53,"filter":"raw","cat_ID":286,"category_count":53,"category_description":"","cat_name":"Exhibitions","category_nicename":"exhibitions","category_parent":0}],"tag_info":false,"_links":{"self":[{"href":"https:\/\/clothildelasserre.com\/en\/wp-json\/wp\/v2\/posts\/9091","targetHints":{"allow":["GET"]}}],"collection":[{"href":"https:\/\/clothildelasserre.com\/en\/wp-json\/wp\/v2\/posts"}],"about":[{"href":"https:\/\/clothildelasserre.com\/en\/wp-json\/wp\/v2\/types\/post"}],"author":[{"embeddable":true,"href":"https:\/\/clothildelasserre.com\/en\/wp-json\/wp\/v2\/users\/1"}],"replies":[{"embeddable":true,"href":"https:\/\/clothildelasserre.com\/en\/wp-json\/wp\/v2\/comments?post=9091"}],"version-history":[{"count":0,"href":"https:\/\/clothildelasserre.com\/en\/wp-json\/wp\/v2\/posts\/9091\/revisions"}],"wp:featuredmedia":[{"embeddable":true,"href":"https:\/\/clothildelasserre.com\/en\/wp-json\/wp\/v2\/media\/15016"}],"wp:attachment":[{"href":"https:\/\/clothildelasserre.com\/en\/wp-json\/wp\/v2\/media?parent=9091"}],"wp:term":[{"taxonomy":"category","embeddable":true,"href":"https:\/\/clothildelasserre.com\/en\/wp-json\/wp\/v2\/categories?post=9091"},{"taxonomy":"post_tag","embeddable":true,"href":"https:\/\/clothildelasserre.com\/en\/wp-json\/wp\/v2\/tags?post=9091"}],"curies":[{"name":"wp","href":"https:\/\/api.w.org\/{rel}","templated":true}]}}