{"id":7359,"date":"2017-04-13T11:45:12","date_gmt":"2017-04-13T10:45:12","guid":{"rendered":"https:\/\/clothildelasserre.com\/\/news3\/galerie-gabel-exposition-artiste-peintre-clothilde-lasserre-theme-concert-biot-france-2\/"},"modified":"2020-12-24T12:18:28","modified_gmt":"2020-12-24T11:18:28","slug":"gallery-gabel-from-the-24th-june-biot-france","status":"publish","type":"post","link":"https:\/\/clothildelasserre.com\/en\/gallery-gabel-from-the-24th-june-biot-france\/","title":{"rendered":"Gallery Gabel \u2013 from the 24th june \u2013 Biot \u2013 France"},"content":{"rendered":"<p>The French gallery Gabel is pleased to open its new gallery in the typical french village called Biot in the south of France. For this occasion, the first exhibition is on the concert subject. The french painter Clothilde Lasserre has realized a painting on a rock concert.<\/p>\n<p>&nbsp;<\/p>\n<p><img loading=\"lazy\" decoding=\"async\" class=\"aligncenter size-medium wp-image-13084\" src=\"https:\/\/clothildelasserre.com\/\/wp-content\/uploads\/2017\/04\/auconcert201425F-b-300x240.jpg\" alt=\"\" width=\"300\" height=\"240\" srcset=\"https:\/\/clothildelasserre.com\/wp-content\/uploads\/2017\/04\/auconcert201425F-b-300x240.jpg 300w, https:\/\/clothildelasserre.com\/wp-content\/uploads\/2017\/04\/auconcert201425F-b-768x614.jpg 768w, https:\/\/clothildelasserre.com\/wp-content\/uploads\/2017\/04\/auconcert201425F-b-700x560.jpg 700w, https:\/\/clothildelasserre.com\/wp-content\/uploads\/2017\/04\/auconcert201425F-b.jpg 800w\" sizes=\"auto, (max-width: 300px) 100vw, 300px\" \/><\/p>\n<p>More Information :<a href=\"https:\/\/www.galeriegabel.com\/artistes\/de-la-galerie-gabel\/peintres\/c-lasserre\/\" target=\"_blank\" rel=\"noopener noreferrer\"> http:\/\/www.galeriegabel.com\/<\/a><\/p>\n<p><a href=\"http:\/\/www.galeriegabel.com\/artistes\/clothilde-lasserre\/\">GALERIE GABEL<\/a><\/p>\n<p>Phone :+33(0)610814790<br \/>\nAddress : 28 rue st S\u00e9bastien &#8211; 06410 BIOT &#8211; France<br \/>\nEmail: contact@galeriegabel.com<\/p>\n","protected":false},"excerpt":{"rendered":"<p>Situ\u00e9e \u00e0 Biot, la Galerie Gabel est heureuse de pr\u00e9senter une s\u00e9lection d\u2019\u0153uvres de l\u2019artiste peintre Clothilde Lasserre<\/p>\n","protected":false},"author":1,"featured_media":12105,"comment_status":"closed","ping_status":"closed","sticky":false,"template":"","format":"standard","meta":{"_acf_changed":false,"_gspb_post_css":"","_kad_blocks_custom_css":"","_kad_blocks_head_custom_js":"","_kad_blocks_body_custom_js":"","_kad_blocks_footer_custom_js":"","_kadence_starter_templates_imported_post":false,"_kad_post_transparent":"","_kad_post_title":"","_kad_post_layout":"","_kad_post_sidebar_id":"","_kad_post_content_style":"","_kad_post_vertical_padding":"","_kad_post_feature":"","_kad_post_feature_position":"","_kad_post_header":false,"_kad_post_footer":false,"_kad_post_classname":"","footnotes":""},"categories":[286],"tags":[],"class_list":["post-7359","post","type-post","status-publish","format-standard","has-post-thumbnail","hentry","category-exhibitions"],"acf":[],"yoast_head":"<!-- This site is optimized with the Yoast SEO plugin v26.8 - https:\/\/yoast.com\/product\/yoast-seo-wordpress\/ -->\n<title>Gallery Gabel \u2013 from the 24th june \u2013 Biot \u2013 France - Clothilde Lasserre<\/title>\n<meta name=\"robots\" content=\"index, follow, max-snippet:-1, max-image-preview:large, max-video-preview:-1\" \/>\n<link rel=\"canonical\" href=\"https:\/\/clothildelasserre.com\/en\/gallery-gabel-from-the-24th-june-biot-france\/\" \/>\n<meta property=\"og:locale\" content=\"en_US\" \/>\n<meta property=\"og:type\" content=\"article\" \/>\n<meta property=\"og:title\" content=\"Gallery Gabel \u2013 from the 24th june \u2013 Biot \u2013 France - Clothilde Lasserre\" \/>\n<meta property=\"og:description\" content=\"Situ\u00e9e \u00e0 Biot, la Galerie Gabel est heureuse de pr\u00e9senter une s\u00e9lection d\u2019\u0153uvres de l\u2019artiste peintre Clothilde Lasserre\" \/>\n<meta property=\"og:url\" content=\"https:\/\/clothildelasserre.com\/en\/gallery-gabel-from-the-24th-june-biot-france\/\" \/>\n<meta property=\"og:site_name\" content=\"Clothilde Lasserre\" \/>\n<meta property=\"article:publisher\" content=\"https:\/\/fr-fr.facebook.com\/clothildelasserreartistepeintre\/\" \/>\n<meta property=\"article:published_time\" content=\"2017-04-13T10:45:12+00:00\" \/>\n<meta property=\"article:modified_time\" content=\"2020-12-24T11:18:28+00:00\" \/>\n<meta property=\"og:image\" content=\"https:\/\/clothildelasserre.com\/wp-content\/uploads\/2017\/04\/Galerie_Gabel-featured.jpg\" \/>\n\t<meta property=\"og:image:width\" content=\"920\" \/>\n\t<meta property=\"og:image:height\" content=\"585\" \/>\n\t<meta property=\"og:image:type\" content=\"image\/jpeg\" \/>\n<meta name=\"author\" content=\"Clothilde Lasserre\" \/>\n<meta name=\"twitter:card\" content=\"summary_large_image\" \/>\n<meta name=\"twitter:creator\" content=\"@clolasserre\" \/>\n<meta name=\"twitter:site\" content=\"@clolasserre\" \/>\n<meta name=\"twitter:label1\" content=\"Written by\" \/>\n\t<meta name=\"twitter:data1\" content=\"Clothilde Lasserre\" \/>\n<script type=\"application\/ld+json\" class=\"yoast-schema-graph\">{\"@context\":\"https:\/\/schema.org\",\"@graph\":[{\"@type\":\"Article\",\"@id\":\"https:\/\/clothildelasserre.com\/en\/gallery-gabel-from-the-24th-june-biot-france\/#article\",\"isPartOf\":{\"@id\":\"https:\/\/clothildelasserre.com\/en\/gallery-gabel-from-the-24th-june-biot-france\/\"},\"author\":{\"name\":\"Clothilde Lasserre\",\"@id\":\"https:\/\/clothildelasserre.com\/#\/schema\/person\/0933af825f73a20ee2987ca96fa3b1bd\"},\"headline\":\"Gallery Gabel \u2013 from the 24th june \u2013 Biot \u2013 France\",\"datePublished\":\"2017-04-13T10:45:12+00:00\",\"dateModified\":\"2020-12-24T11:18:28+00:00\",\"mainEntityOfPage\":{\"@id\":\"https:\/\/clothildelasserre.com\/en\/gallery-gabel-from-the-24th-june-biot-france\/\"},\"wordCount\":78,\"publisher\":{\"@id\":\"https:\/\/clothildelasserre.com\/#organization\"},\"image\":{\"@id\":\"https:\/\/clothildelasserre.com\/en\/gallery-gabel-from-the-24th-june-biot-france\/#primaryimage\"},\"thumbnailUrl\":\"https:\/\/clothildelasserre.com\/wp-content\/uploads\/2017\/04\/Galerie_Gabel-featured.jpg\",\"articleSection\":[\"Exhibitions\"],\"inLanguage\":\"en-US\"},{\"@type\":\"WebPage\",\"@id\":\"https:\/\/clothildelasserre.com\/en\/gallery-gabel-from-the-24th-june-biot-france\/\",\"url\":\"https:\/\/clothildelasserre.com\/en\/gallery-gabel-from-the-24th-june-biot-france\/\",\"name\":\"Gallery Gabel \u2013 from the 24th june \u2013 Biot \u2013 France - Clothilde Lasserre\",\"isPartOf\":{\"@id\":\"https:\/\/clothildelasserre.com\/#website\"},\"primaryImageOfPage\":{\"@id\":\"https:\/\/clothildelasserre.com\/en\/gallery-gabel-from-the-24th-june-biot-france\/#primaryimage\"},\"image\":{\"@id\":\"https:\/\/clothildelasserre.com\/en\/gallery-gabel-from-the-24th-june-biot-france\/#primaryimage\"},\"thumbnailUrl\":\"https:\/\/clothildelasserre.com\/wp-content\/uploads\/2017\/04\/Galerie_Gabel-featured.jpg\",\"datePublished\":\"2017-04-13T10:45:12+00:00\",\"dateModified\":\"2020-12-24T11:18:28+00:00\",\"breadcrumb\":{\"@id\":\"https:\/\/clothildelasserre.com\/en\/gallery-gabel-from-the-24th-june-biot-france\/#breadcrumb\"},\"inLanguage\":\"en-US\",\"potentialAction\":[{\"@type\":\"ReadAction\",\"target\":[\"https:\/\/clothildelasserre.com\/en\/gallery-gabel-from-the-24th-june-biot-france\/\"]}]},{\"@type\":\"ImageObject\",\"inLanguage\":\"en-US\",\"@id\":\"https:\/\/clothildelasserre.com\/en\/gallery-gabel-from-the-24th-june-biot-france\/#primaryimage\",\"url\":\"https:\/\/clothildelasserre.com\/wp-content\/uploads\/2017\/04\/Galerie_Gabel-featured.jpg\",\"contentUrl\":\"https:\/\/clothildelasserre.com\/wp-content\/uploads\/2017\/04\/Galerie_Gabel-featured.jpg\",\"width\":920,\"height\":585},{\"@type\":\"BreadcrumbList\",\"@id\":\"https:\/\/clothildelasserre.com\/en\/gallery-gabel-from-the-24th-june-biot-france\/#breadcrumb\",\"itemListElement\":[{\"@type\":\"ListItem\",\"position\":1,\"name\":\"Accueil\",\"item\":\"https:\/\/clothildelasserre.com\/en\/\"},{\"@type\":\"ListItem\",\"position\":2,\"name\":\"Gallery Gabel \u2013 from the 24th june \u2013 Biot \u2013 France\"}]},{\"@type\":\"WebSite\",\"@id\":\"https:\/\/clothildelasserre.com\/#website\",\"url\":\"https:\/\/clothildelasserre.com\/\",\"name\":\"Clothilde Lasserre\",\"description\":\"Artiste - France\",\"publisher\":{\"@id\":\"https:\/\/clothildelasserre.com\/#organization\"},\"potentialAction\":[{\"@type\":\"SearchAction\",\"target\":{\"@type\":\"EntryPoint\",\"urlTemplate\":\"https:\/\/clothildelasserre.com\/?s={search_term_string}\"},\"query-input\":{\"@type\":\"PropertyValueSpecification\",\"valueRequired\":true,\"valueName\":\"search_term_string\"}}],\"inLanguage\":\"en-US\"},{\"@type\":\"Organization\",\"@id\":\"https:\/\/clothildelasserre.com\/#organization\",\"name\":\"Clothilde Lasserre\",\"url\":\"https:\/\/clothildelasserre.com\/\",\"logo\":{\"@type\":\"ImageObject\",\"inLanguage\":\"en-US\",\"@id\":\"https:\/\/clothildelasserre.com\/#\/schema\/logo\/image\/\",\"url\":\"https:\/\/clothildelasserre.com\/wp-content\/uploads\/2024\/09\/Clothilde-Lasserre-logo-retina.png\",\"contentUrl\":\"https:\/\/clothildelasserre.com\/wp-content\/uploads\/2024\/09\/Clothilde-Lasserre-logo-retina.png\",\"width\":440,\"height\":246,\"caption\":\"Clothilde Lasserre\"},\"image\":{\"@id\":\"https:\/\/clothildelasserre.com\/#\/schema\/logo\/image\/\"},\"sameAs\":[\"https:\/\/fr-fr.facebook.com\/clothildelasserreartistepeintre\/\",\"https:\/\/x.com\/clolasserre\",\"https:\/\/www.instagram.com\/clothilde_lasserre_artist\/\"]},{\"@type\":\"Person\",\"@id\":\"https:\/\/clothildelasserre.com\/#\/schema\/person\/0933af825f73a20ee2987ca96fa3b1bd\",\"name\":\"Clothilde Lasserre\"}]}<\/script>\n<!-- \/ Yoast SEO plugin. -->","yoast_head_json":{"title":"Gallery Gabel \u2013 from the 24th june \u2013 Biot \u2013 France - Clothilde Lasserre","robots":{"index":"index","follow":"follow","max-snippet":"max-snippet:-1","max-image-preview":"max-image-preview:large","max-video-preview":"max-video-preview:-1"},"canonical":"https:\/\/clothildelasserre.com\/en\/gallery-gabel-from-the-24th-june-biot-france\/","og_locale":"en_US","og_type":"article","og_title":"Gallery Gabel \u2013 from the 24th june \u2013 Biot \u2013 France - Clothilde Lasserre","og_description":"Situ\u00e9e \u00e0 Biot, la Galerie Gabel est heureuse de pr\u00e9senter une s\u00e9lection d\u2019\u0153uvres de l\u2019artiste peintre Clothilde Lasserre","og_url":"https:\/\/clothildelasserre.com\/en\/gallery-gabel-from-the-24th-june-biot-france\/","og_site_name":"Clothilde Lasserre","article_publisher":"https:\/\/fr-fr.facebook.com\/clothildelasserreartistepeintre\/","article_published_time":"2017-04-13T10:45:12+00:00","article_modified_time":"2020-12-24T11:18:28+00:00","og_image":[{"width":920,"height":585,"url":"https:\/\/clothildelasserre.com\/wp-content\/uploads\/2017\/04\/Galerie_Gabel-featured.jpg","type":"image\/jpeg"}],"author":"Clothilde Lasserre","twitter_card":"summary_large_image","twitter_creator":"@clolasserre","twitter_site":"@clolasserre","twitter_misc":{"Written by":"Clothilde Lasserre"},"schema":{"@context":"https:\/\/schema.org","@graph":[{"@type":"Article","@id":"https:\/\/clothildelasserre.com\/en\/gallery-gabel-from-the-24th-june-biot-france\/#article","isPartOf":{"@id":"https:\/\/clothildelasserre.com\/en\/gallery-gabel-from-the-24th-june-biot-france\/"},"author":{"name":"Clothilde Lasserre","@id":"https:\/\/clothildelasserre.com\/#\/schema\/person\/0933af825f73a20ee2987ca96fa3b1bd"},"headline":"Gallery Gabel \u2013 from the 24th june \u2013 Biot \u2013 France","datePublished":"2017-04-13T10:45:12+00:00","dateModified":"2020-12-24T11:18:28+00:00","mainEntityOfPage":{"@id":"https:\/\/clothildelasserre.com\/en\/gallery-gabel-from-the-24th-june-biot-france\/"},"wordCount":78,"publisher":{"@id":"https:\/\/clothildelasserre.com\/#organization"},"image":{"@id":"https:\/\/clothildelasserre.com\/en\/gallery-gabel-from-the-24th-june-biot-france\/#primaryimage"},"thumbnailUrl":"https:\/\/clothildelasserre.com\/wp-content\/uploads\/2017\/04\/Galerie_Gabel-featured.jpg","articleSection":["Exhibitions"],"inLanguage":"en-US"},{"@type":"WebPage","@id":"https:\/\/clothildelasserre.com\/en\/gallery-gabel-from-the-24th-june-biot-france\/","url":"https:\/\/clothildelasserre.com\/en\/gallery-gabel-from-the-24th-june-biot-france\/","name":"Gallery Gabel \u2013 from the 24th june \u2013 Biot \u2013 France - Clothilde Lasserre","isPartOf":{"@id":"https:\/\/clothildelasserre.com\/#website"},"primaryImageOfPage":{"@id":"https:\/\/clothildelasserre.com\/en\/gallery-gabel-from-the-24th-june-biot-france\/#primaryimage"},"image":{"@id":"https:\/\/clothildelasserre.com\/en\/gallery-gabel-from-the-24th-june-biot-france\/#primaryimage"},"thumbnailUrl":"https:\/\/clothildelasserre.com\/wp-content\/uploads\/2017\/04\/Galerie_Gabel-featured.jpg","datePublished":"2017-04-13T10:45:12+00:00","dateModified":"2020-12-24T11:18:28+00:00","breadcrumb":{"@id":"https:\/\/clothildelasserre.com\/en\/gallery-gabel-from-the-24th-june-biot-france\/#breadcrumb"},"inLanguage":"en-US","potentialAction":[{"@type":"ReadAction","target":["https:\/\/clothildelasserre.com\/en\/gallery-gabel-from-the-24th-june-biot-france\/"]}]},{"@type":"ImageObject","inLanguage":"en-US","@id":"https:\/\/clothildelasserre.com\/en\/gallery-gabel-from-the-24th-june-biot-france\/#primaryimage","url":"https:\/\/clothildelasserre.com\/wp-content\/uploads\/2017\/04\/Galerie_Gabel-featured.jpg","contentUrl":"https:\/\/clothildelasserre.com\/wp-content\/uploads\/2017\/04\/Galerie_Gabel-featured.jpg","width":920,"height":585},{"@type":"BreadcrumbList","@id":"https:\/\/clothildelasserre.com\/en\/gallery-gabel-from-the-24th-june-biot-france\/#breadcrumb","itemListElement":[{"@type":"ListItem","position":1,"name":"Accueil","item":"https:\/\/clothildelasserre.com\/en\/"},{"@type":"ListItem","position":2,"name":"Gallery Gabel \u2013 from the 24th june \u2013 Biot \u2013 France"}]},{"@type":"WebSite","@id":"https:\/\/clothildelasserre.com\/#website","url":"https:\/\/clothildelasserre.com\/","name":"Clothilde Lasserre","description":"Artiste - France","publisher":{"@id":"https:\/\/clothildelasserre.com\/#organization"},"potentialAction":[{"@type":"SearchAction","target":{"@type":"EntryPoint","urlTemplate":"https:\/\/clothildelasserre.com\/?s={search_term_string}"},"query-input":{"@type":"PropertyValueSpecification","valueRequired":true,"valueName":"search_term_string"}}],"inLanguage":"en-US"},{"@type":"Organization","@id":"https:\/\/clothildelasserre.com\/#organization","name":"Clothilde Lasserre","url":"https:\/\/clothildelasserre.com\/","logo":{"@type":"ImageObject","inLanguage":"en-US","@id":"https:\/\/clothildelasserre.com\/#\/schema\/logo\/image\/","url":"https:\/\/clothildelasserre.com\/wp-content\/uploads\/2024\/09\/Clothilde-Lasserre-logo-retina.png","contentUrl":"https:\/\/clothildelasserre.com\/wp-content\/uploads\/2024\/09\/Clothilde-Lasserre-logo-retina.png","width":440,"height":246,"caption":"Clothilde Lasserre"},"image":{"@id":"https:\/\/clothildelasserre.com\/#\/schema\/logo\/image\/"},"sameAs":["https:\/\/fr-fr.facebook.com\/clothildelasserreartistepeintre\/","https:\/\/x.com\/clolasserre","https:\/\/www.instagram.com\/clothilde_lasserre_artist\/"]},{"@type":"Person","@id":"https:\/\/clothildelasserre.com\/#\/schema\/person\/0933af825f73a20ee2987ca96fa3b1bd","name":"Clothilde Lasserre"}]}},"taxonomy_info":{"category":[{"value":286,"label":"Exhibitions"}]},"featured_image_src_large":["https:\/\/clothildelasserre.com\/wp-content\/uploads\/2017\/04\/Galerie_Gabel-featured.jpg",920,585,false],"author_info":{"display_name":"Clothilde Lasserre","author_link":"https:\/\/clothildelasserre.com\/en\/author\/clo\/"},"comment_info":0,"category_info":[{"term_id":286,"name":"Exhibitions","slug":"exhibitions","term_group":0,"term_taxonomy_id":286,"taxonomy":"category","description":"","parent":0,"count":53,"filter":"raw","cat_ID":286,"category_count":53,"category_description":"","cat_name":"Exhibitions","category_nicename":"exhibitions","category_parent":0}],"tag_info":false,"_links":{"self":[{"href":"https:\/\/clothildelasserre.com\/en\/wp-json\/wp\/v2\/posts\/7359","targetHints":{"allow":["GET"]}}],"collection":[{"href":"https:\/\/clothildelasserre.com\/en\/wp-json\/wp\/v2\/posts"}],"about":[{"href":"https:\/\/clothildelasserre.com\/en\/wp-json\/wp\/v2\/types\/post"}],"author":[{"embeddable":true,"href":"https:\/\/clothildelasserre.com\/en\/wp-json\/wp\/v2\/users\/1"}],"replies":[{"embeddable":true,"href":"https:\/\/clothildelasserre.com\/en\/wp-json\/wp\/v2\/comments?post=7359"}],"version-history":[{"count":0,"href":"https:\/\/clothildelasserre.com\/en\/wp-json\/wp\/v2\/posts\/7359\/revisions"}],"wp:featuredmedia":[{"embeddable":true,"href":"https:\/\/clothildelasserre.com\/en\/wp-json\/wp\/v2\/media\/12105"}],"wp:attachment":[{"href":"https:\/\/clothildelasserre.com\/en\/wp-json\/wp\/v2\/media?parent=7359"}],"wp:term":[{"taxonomy":"category","embeddable":true,"href":"https:\/\/clothildelasserre.com\/en\/wp-json\/wp\/v2\/categories?post=7359"},{"taxonomy":"post_tag","embeddable":true,"href":"https:\/\/clothildelasserre.com\/en\/wp-json\/wp\/v2\/tags?post=7359"}],"curies":[{"name":"wp","href":"https:\/\/api.w.org\/{rel}","templated":true}]}}