{"id":25986,"date":"2025-04-28T20:25:09","date_gmt":"2025-04-28T18:25:09","guid":{"rendered":"https:\/\/clothildelasserre.com\/?p=25986"},"modified":"2025-04-28T20:25:09","modified_gmt":"2025-04-28T18:25:09","slug":"solidart-paris-carreau-du-temple-may-1-4-2025","status":"publish","type":"post","link":"https:\/\/clothildelasserre.com\/en\/solidart-paris-carreau-du-temple-may-1-4-2025\/","title":{"rendered":"SOLID&#8217;ART &#8211; Paris Carreau du Temple &#8211; May 1 > 4  2025"},"content":{"rendered":"\n<h1 class=\"wp-block-heading\" id=\"solid-art-paris\">SOLID&#8217;art Paris<\/h1>\n\n\n\n<p>Edition #3 &#8211; LE CARREAU DU TEMPLE<\/p>\n\n\n\n<h2 class=\"wp-block-heading\" id=\"may-1-2-3-4-2025\">May 1\/2\/3\/4  2025<\/h2>\n\n\n\n<p><em>With the Secours populaire : a work brought,&nbsp;<\/em><\/p>\n\n\n\n<p><em>it&#8217;s a kid going on vacation !<\/em><\/p>\n\n\n\n<h3 class=\"wp-block-heading\" id=\"carreau-du-temple\">Carreau du Temple<\/h3>\n\n\n\n<p>Thursday 6 p.m&gt;10 p.m. (opening),<br>Friday 2:30 pm &gt; 7:30 pm<br>Saturday 11 a.m. &gt; 8 p.m.<br>Sunday 10 a.m. &gt; 6:30 p.m.<\/p>\n\n\n\n<p>4 Rue Eug\u00e8ne Spuller, 75003 Paris<br>M\u00e9tro : Temple \/ R\u00e9publique<\/p>\n\n\n\n<h2 class=\"wp-block-heading\" id=\"free-admission\">FREE ADMISSION<\/h2>\n\n\n\n<p>All the info on the website&nbsp;<a href=\"https:\/\/solidart.fr\/paris\/\"><strong>Solidart<\/strong><\/a><\/p>\n\n\n\n<p><br><br><\/p>\n\n\n\n<p><strong>Here is a great opportunity to enter the artist&#8217;s universe:<\/strong><br>His creations, between oils on canvas and porcelain sculptures, take place at the Carreau du Temple in the heart of Paris and invite us to discover a universe that resonates with the complexity and fragility of human relationships.<\/p>\n\n\n\n<p>A unique opportunity to have fun in solidarity!<\/p>\n\n\n\n<figure class=\"wp-block-image\"><img decoding=\"async\" src=\"https:\/\/clothildelasserre.com\/wp-content\/uploads\/2023\/04\/Logo-Solidart-Baseline-SPF-300x121.jpg\" alt=\"Solidart paris 2023 lasserre Peinture porcelaine sculpture\"\/><\/figure>\n\n\n\n<p><\/p>\n\n\n\n<p><strong>Les mots de soutien au Secours populaire et \u00e0 Solid\u2019Art<\/strong><\/p>\n\n\n\n<p><strong>Abdelsem Ghazi<\/strong><strong>, Secr\u00e9taire g\u00e9n\u00e9rale du Secours populaire de Paris<\/strong><\/p>\n\n\n\n<p><em>Solid\u2019Art, c\u2019est le rendez-vous de l\u2019art et de la solidarit\u00e9 : Les fonds collect\u00e9s permettront aux enfants des familles soutenues par le Secours populaire, de partir en vacances, d\u2019acc\u00e9der \u00e0 la culture, aux loisirs et aux sports. Dans une d\u00e9marche solidaire d\u2019\u00e9ducation populaire, le Secours populaire fran\u00e7ais s\u2019engage \u00e0 ce que tous les enfants puissent apprendre, s\u2019\u00e9panouir et participer \u00e0 l\u2019\u00e9volution de la soci\u00e9t\u00e9 dans laquelle ils vivent. <\/em><\/p>\n\n\n\n<p><strong>Jules Dedet dit L\u2019ATLAS, Artiste calligraphe &#8211; Parrain 2023<\/strong><\/p>\n\n\n\n<p><em>\u00ab Le Secours populaire est une main tendue vers les victimes de l\u2019\u00e9chec social de notre soci\u00e9t\u00e9. Je suis honor\u00e9 de me joindre \u00e0 cet \u00e9lan du c\u0153ur. Je vous donne rendez-vous sur le salon Solid\u2019Art pour, ensemble, offrir des milliers de sourires aux enfants du Secours populaire. \u00bb<\/em><\/p>\n\n\n\n<p><strong>S\u00e9bastien Cavalier, Pr\u00e9sident du \u00ab&nbsp;Pass Culture&nbsp;\u00bb &#8211; Pr\u00e9sident du Jury 2023<\/strong><\/p>\n\n\n\n<p><em>Solid\u2019Art est une belle initiative \u00e0 plusieurs titres.<\/em><\/p>\n\n\n\n<p><em>Elle offre \u00e0 des milliers d&#8217;enfants un moment de joie et grave dans leur m\u00e9moire des souvenirs inoubliables, qui les aideront \u00e0 grandir.&nbsp;&nbsp;<\/em><\/p>\n\n\n\n<p><em>Elle valorise le travail d&#8217;artistes talentueux et rappelle que nous avons besoin d&#8217;eux pour imaginer un avenir d\u00e9sirable.&nbsp;<\/em><\/p>\n\n\n\n<p><em>Elle promeut des valeurs essentielles : l&#8217;engagement et la solidarit\u00e9.<\/em><\/p>\n\n\n\n<p><em>Elle cr\u00e9e du lien entre des personnes qui peut \u00eatre ne se seraient jamais rencontr\u00e9es.&nbsp;<\/em><\/p>\n\n\n\n<p><strong>Florian Neveu \u2013 Commissaire du salon Solid\u2019Art<\/strong><\/p>\n\n\n\n<p><em>Peintres, photographes, sculpteurs, street-artistes, s\u00e9rigraphes, &#8230; les artistes sont l\u2019\u00e2me de Solid\u2019Art et deviennent, le temps du salon, les ambassadeurs du Secours populaire dans une d\u00e9marche d\u2019acc\u00e8s \u00e0 la cuture, d\u2019\u00e9changes et de g\u00e9n\u00e9rosit\u00e9.<\/em><\/p>\n\n\n\n<p><strong>Sandrina Martins, Directrice du Carreau du Temple \u2013 Membre du Jury 2023<\/strong><\/p>\n\n\n\n<p><em>Je suis ravie de faire partie du jury de Solid&#8217;Art pour cette seconde \u00e9dition dont les valeurs de solidarit\u00e9 et d\u2019inclusion refl\u00e8tent parfaitement nos engagements. Nous avons \u00e0 c\u0153ur de d\u00e9fendre toute l\u2019ann\u00e9e au Carreau du Temple une programmation et des activit\u00e9s pluridisciplinaires, engag\u00e9es et inclusives. Je suis honor\u00e9e d\u2019accueillir le salon Solid&#8217;Art dans nos murs et ainsi contribuer \u00e0 cette belle initiative<\/em><\/p>\n\n\n\n<p><strong>Yannick Boesso &#8211; Directeur de l\u2019Urban Art Fair &#8211; Membre du Jury 2023<\/strong><\/p>\n\n\n\n<p><em>Quand l&#8217;art produit des vacances, des souvenirs et du bonheur, il sort de sa d\u00e9finition originelle et \u00e7a fait du bien. En avril Urban Art Fair laissera la place \u00e0 Solid&#8217;Art, une sortie qui permettra aux enfants d&#8217;avoir la leur, alors n&#8217;h\u00e9sitez pas \u00e0 participer nombreux \u00e0 ce bel \u00e9v\u00e9nement &#8220;<\/em><\/p>\n\n\n\n<p><strong>&nbsp;<\/strong><\/p>\n\n\n\n<p><strong>Jef A\u00e9rosol, artiste pochoiriste&nbsp;(parrain 2019)<\/strong><\/p>\n\n\n\n<p><em>Trop d\u2019enfants ne quittent jamais leur quartier. Il est important que chacun d\u2019entre nous, \u00e0 son \u00e9chelle, fasse un petit quelque chose pour aider le Secours Populaire \u00e0 offrir \u00e0 ces enfants quelques heures ou quelques jours de d\u00e9paysement, de d\u00e9couverte, de joie et de bonheur \u00bb.<\/em><\/p>\n\n\n\n<p><strong>&nbsp;<\/strong><\/p>\n\n\n\n<p><strong>Herv\u00e9 Di Rosa, artiste peintre (parrain 2020)<\/strong><\/p>\n","protected":false},"excerpt":{"rendered":"<p>Solid&#8217;Art Paris is the place to be for art lovers and collectors looking for unique and original works. Join us for an extraordinary artistic experience!<\/p>\n<p>A work bought is like a child going on holiday! \ud83e\udd29\ud83e\uddf3<\/p>\n","protected":false},"author":1,"featured_media":25997,"comment_status":"closed","ping_status":"closed","sticky":false,"template":"","format":"standard","meta":{"_acf_changed":false,"_gspb_post_css":"","_kad_blocks_custom_css":"","_kad_blocks_head_custom_js":"","_kad_blocks_body_custom_js":"","_kad_blocks_footer_custom_js":"","_kadence_starter_templates_imported_post":false,"_kad_post_transparent":"","_kad_post_title":"","_kad_post_layout":"","_kad_post_sidebar_id":"","_kad_post_content_style":"","_kad_post_vertical_padding":"","_kad_post_feature":"","_kad_post_feature_position":"","_kad_post_header":false,"_kad_post_footer":false,"_kad_post_classname":"","footnotes":""},"categories":[10,286,11,243],"tags":[382,375,417,423,883,889,897,300,323,895,324,306,890,885,401,384,369,891,888,896,386,376,329,307,898,464,485,405,304,331,892,887,893,800,886,894],"class_list":["post-25986","post","type-post","status-publish","format-standard","has-post-thumbnail","hentry","category-exposition-peintre-art-contemporain-en-cours","category-exhibitions","category-exposition-peintre-art-contemporain","category-exposition-peintre-art-contemporain-passees","tag-art-en","tag-art","tag-art-actuel","tag-art-actuel-en","tag-carreau-du-temple","tag-carreau-du-temple-en","tag-ceramica","tag-ceramique","tag-ceramique-en","tag-child","tag-clothilde-en","tag-clothilde","tag-enfant-en","tag-enfant","tag-exhibition","tag-exposition-en","tag-exposition","tag-francais-en","tag-francais","tag-french","tag-huile-sur-toile-en","tag-huile-sur-toile","tag-lasserre-en","tag-lasserre","tag-oil-on-canvas","tag-paris-2","tag-paris-2-en","tag-paris","tag-porcelaine","tag-porcelaine-en","tag-secours-populaire-en","tag-secours-populaire","tag-solidart-en","tag-solidart","tag-vacances","tag-vacances-en"],"acf":[],"yoast_head":"<!-- This site is optimized with the Yoast SEO plugin v26.8 - https:\/\/yoast.com\/product\/yoast-seo-wordpress\/ -->\n<title>SOLID&#039;ART - Paris Carreau du Temple - May 1 &gt; 4 2025 - Clothilde Lasserre<\/title>\n<meta name=\"description\" content=\"Rendez-vous unique au coeur de Paris : du 20 au 23 avril 2023, venez d\u00e9couvrir les peintures et sculptures de l&#039;artiste plasticienne Clothilde Lasserre\" \/>\n<meta name=\"robots\" content=\"index, follow, max-snippet:-1, max-image-preview:large, max-video-preview:-1\" \/>\n<link rel=\"canonical\" href=\"https:\/\/clothildelasserre.com\/solidart-paris-carreau-du-temple-1-4-mai-2025\/\" \/>\n<meta property=\"og:locale\" content=\"en_US\" \/>\n<meta property=\"og:type\" content=\"article\" \/>\n<meta property=\"og:title\" content=\"SOLID&#039;ART - Paris Carreau du Temple - May 1 &gt; 4 2025 - Clothilde Lasserre\" \/>\n<meta property=\"og:description\" content=\"Rendez-vous unique au coeur de Paris : du 20 au 23 avril 2023, venez d\u00e9couvrir les peintures et sculptures de l&#039;artiste plasticienne Clothilde Lasserre\" \/>\n<meta property=\"og:url\" content=\"https:\/\/clothildelasserre.com\/solidart-paris-carreau-du-temple-1-4-mai-2025\/\" \/>\n<meta property=\"og:site_name\" content=\"Clothilde Lasserre\" \/>\n<meta property=\"article:publisher\" content=\"https:\/\/fr-fr.facebook.com\/clothildelasserreartistepeintre\/\" \/>\n<meta property=\"article:published_time\" content=\"2025-04-28T18:25:09+00:00\" \/>\n<meta property=\"og:image\" content=\"https:\/\/clothildelasserre.com\/wp-content\/uploads\/2025\/04\/COVER-EVENT-FACEBOOK.jpg\" \/>\n\t<meta property=\"og:image:width\" content=\"1200\" \/>\n\t<meta property=\"og:image:height\" content=\"628\" \/>\n\t<meta property=\"og:image:type\" content=\"image\/jpeg\" \/>\n<meta name=\"author\" content=\"Clothilde Lasserre\" \/>\n<meta name=\"twitter:card\" content=\"summary_large_image\" \/>\n<meta name=\"twitter:creator\" content=\"@clolasserre\" \/>\n<meta name=\"twitter:site\" content=\"@clolasserre\" \/>\n<meta name=\"twitter:label1\" content=\"Written by\" \/>\n\t<meta name=\"twitter:data1\" content=\"Clothilde Lasserre\" \/>\n\t<meta name=\"twitter:label2\" content=\"Est. reading time\" \/>\n\t<meta name=\"twitter:data2\" content=\"4 minutes\" \/>\n<script type=\"application\/ld+json\" class=\"yoast-schema-graph\">{\"@context\":\"https:\/\/schema.org\",\"@graph\":[{\"@type\":\"Article\",\"@id\":\"https:\/\/clothildelasserre.com\/solidart-paris-carreau-du-temple-1-4-mai-2025\/#article\",\"isPartOf\":{\"@id\":\"https:\/\/clothildelasserre.com\/solidart-paris-carreau-du-temple-1-4-mai-2025\/\"},\"author\":{\"name\":\"Clothilde Lasserre\",\"@id\":\"https:\/\/clothildelasserre.com\/#\/schema\/person\/0933af825f73a20ee2987ca96fa3b1bd\"},\"headline\":\"SOLID&#8217;ART &#8211; Paris Carreau du Temple &#8211; May 1 > 4 2025\",\"datePublished\":\"2025-04-28T18:25:09+00:00\",\"mainEntityOfPage\":{\"@id\":\"https:\/\/clothildelasserre.com\/solidart-paris-carreau-du-temple-1-4-mai-2025\/\"},\"wordCount\":651,\"publisher\":{\"@id\":\"https:\/\/clothildelasserre.com\/#organization\"},\"image\":{\"@id\":\"https:\/\/clothildelasserre.com\/solidart-paris-carreau-du-temple-1-4-mai-2025\/#primaryimage\"},\"thumbnailUrl\":\"https:\/\/clothildelasserre.com\/wp-content\/uploads\/2025\/04\/COVER-EVENT-FACEBOOK.jpg\",\"keywords\":[\"art\",\"art\",\"art actuel\",\"art actuel\",\"carreau du temple\",\"carreau du temple\",\"ceramica\",\"ceramique\",\"ceramique\",\"child\",\"clothilde\",\"clothilde\",\"enfant\",\"enfant\",\"exhibition\",\"exposition\",\"exposition\",\"fran\u00e7ais\",\"fran\u00e7ais\",\"french\",\"huile sur toile\",\"huile sur toile\",\"lasserre\",\"lasserre\",\"oil on canvas\",\"PARIS\",\"PARIS\",\"PARIS\",\"porcelaine\",\"porcelaine\",\"secours populaire\",\"secours populaire\",\"solidart\",\"solidart\",\"vacances\",\"vacances\"],\"articleSection\":[\"En cours\",\"Exhibitions\",\"Expositions\",\"Pass\u00e9es\"],\"inLanguage\":\"en-US\"},{\"@type\":\"WebPage\",\"@id\":\"https:\/\/clothildelasserre.com\/solidart-paris-carreau-du-temple-1-4-mai-2025\/\",\"url\":\"https:\/\/clothildelasserre.com\/solidart-paris-carreau-du-temple-1-4-mai-2025\/\",\"name\":\"SOLID'ART - Paris Carreau du Temple - May 1 > 4 2025 - Clothilde Lasserre\",\"isPartOf\":{\"@id\":\"https:\/\/clothildelasserre.com\/#website\"},\"primaryImageOfPage\":{\"@id\":\"https:\/\/clothildelasserre.com\/solidart-paris-carreau-du-temple-1-4-mai-2025\/#primaryimage\"},\"image\":{\"@id\":\"https:\/\/clothildelasserre.com\/solidart-paris-carreau-du-temple-1-4-mai-2025\/#primaryimage\"},\"thumbnailUrl\":\"https:\/\/clothildelasserre.com\/wp-content\/uploads\/2025\/04\/COVER-EVENT-FACEBOOK.jpg\",\"datePublished\":\"2025-04-28T18:25:09+00:00\",\"description\":\"Rendez-vous unique au coeur de Paris : du 20 au 23 avril 2023, venez d\u00e9couvrir les peintures et sculptures de l'artiste plasticienne Clothilde Lasserre\",\"breadcrumb\":{\"@id\":\"https:\/\/clothildelasserre.com\/solidart-paris-carreau-du-temple-1-4-mai-2025\/#breadcrumb\"},\"inLanguage\":\"en-US\",\"potentialAction\":[{\"@type\":\"ReadAction\",\"target\":[\"https:\/\/clothildelasserre.com\/solidart-paris-carreau-du-temple-1-4-mai-2025\/\"]}]},{\"@type\":\"ImageObject\",\"inLanguage\":\"en-US\",\"@id\":\"https:\/\/clothildelasserre.com\/solidart-paris-carreau-du-temple-1-4-mai-2025\/#primaryimage\",\"url\":\"https:\/\/clothildelasserre.com\/wp-content\/uploads\/2025\/04\/COVER-EVENT-FACEBOOK.jpg\",\"contentUrl\":\"https:\/\/clothildelasserre.com\/wp-content\/uploads\/2025\/04\/COVER-EVENT-FACEBOOK.jpg\",\"width\":1200,\"height\":628,\"caption\":\"Solidart paris 2025 carreau du temple clothilde lasserre\"},{\"@type\":\"BreadcrumbList\",\"@id\":\"https:\/\/clothildelasserre.com\/solidart-paris-carreau-du-temple-1-4-mai-2025\/#breadcrumb\",\"itemListElement\":[{\"@type\":\"ListItem\",\"position\":1,\"name\":\"Accueil\",\"item\":\"https:\/\/clothildelasserre.com\/en\/\"},{\"@type\":\"ListItem\",\"position\":2,\"name\":\"SOLID&rsquo;ART &#8211; Paris Carreau du Temple &#8211; May 1 &gt; 4 2025\"}]},{\"@type\":\"WebSite\",\"@id\":\"https:\/\/clothildelasserre.com\/#website\",\"url\":\"https:\/\/clothildelasserre.com\/\",\"name\":\"Clothilde Lasserre\",\"description\":\"Artiste - France\",\"publisher\":{\"@id\":\"https:\/\/clothildelasserre.com\/#organization\"},\"potentialAction\":[{\"@type\":\"SearchAction\",\"target\":{\"@type\":\"EntryPoint\",\"urlTemplate\":\"https:\/\/clothildelasserre.com\/?s={search_term_string}\"},\"query-input\":{\"@type\":\"PropertyValueSpecification\",\"valueRequired\":true,\"valueName\":\"search_term_string\"}}],\"inLanguage\":\"en-US\"},{\"@type\":\"Organization\",\"@id\":\"https:\/\/clothildelasserre.com\/#organization\",\"name\":\"Clothilde Lasserre\",\"url\":\"https:\/\/clothildelasserre.com\/\",\"logo\":{\"@type\":\"ImageObject\",\"inLanguage\":\"en-US\",\"@id\":\"https:\/\/clothildelasserre.com\/#\/schema\/logo\/image\/\",\"url\":\"https:\/\/clothildelasserre.com\/wp-content\/uploads\/2024\/09\/Clothilde-Lasserre-logo-retina.png\",\"contentUrl\":\"https:\/\/clothildelasserre.com\/wp-content\/uploads\/2024\/09\/Clothilde-Lasserre-logo-retina.png\",\"width\":440,\"height\":246,\"caption\":\"Clothilde Lasserre\"},\"image\":{\"@id\":\"https:\/\/clothildelasserre.com\/#\/schema\/logo\/image\/\"},\"sameAs\":[\"https:\/\/fr-fr.facebook.com\/clothildelasserreartistepeintre\/\",\"https:\/\/x.com\/clolasserre\",\"https:\/\/www.instagram.com\/clothilde_lasserre_artist\/\"]},{\"@type\":\"Person\",\"@id\":\"https:\/\/clothildelasserre.com\/#\/schema\/person\/0933af825f73a20ee2987ca96fa3b1bd\",\"name\":\"Clothilde Lasserre\"}]}<\/script>\n<!-- \/ Yoast SEO plugin. -->","yoast_head_json":{"title":"SOLID'ART - Paris Carreau du Temple - May 1 > 4 2025 - Clothilde Lasserre","description":"Rendez-vous unique au coeur de Paris : du 20 au 23 avril 2023, venez d\u00e9couvrir les peintures et sculptures de l'artiste plasticienne Clothilde Lasserre","robots":{"index":"index","follow":"follow","max-snippet":"max-snippet:-1","max-image-preview":"max-image-preview:large","max-video-preview":"max-video-preview:-1"},"canonical":"https:\/\/clothildelasserre.com\/solidart-paris-carreau-du-temple-1-4-mai-2025\/","og_locale":"en_US","og_type":"article","og_title":"SOLID'ART - Paris Carreau du Temple - May 1 > 4 2025 - Clothilde Lasserre","og_description":"Rendez-vous unique au coeur de Paris : du 20 au 23 avril 2023, venez d\u00e9couvrir les peintures et sculptures de l'artiste plasticienne Clothilde Lasserre","og_url":"https:\/\/clothildelasserre.com\/solidart-paris-carreau-du-temple-1-4-mai-2025\/","og_site_name":"Clothilde Lasserre","article_publisher":"https:\/\/fr-fr.facebook.com\/clothildelasserreartistepeintre\/","article_published_time":"2025-04-28T18:25:09+00:00","og_image":[{"width":1200,"height":628,"url":"https:\/\/clothildelasserre.com\/wp-content\/uploads\/2025\/04\/COVER-EVENT-FACEBOOK.jpg","type":"image\/jpeg"}],"author":"Clothilde Lasserre","twitter_card":"summary_large_image","twitter_creator":"@clolasserre","twitter_site":"@clolasserre","twitter_misc":{"Written by":"Clothilde Lasserre","Est. reading time":"4 minutes"},"schema":{"@context":"https:\/\/schema.org","@graph":[{"@type":"Article","@id":"https:\/\/clothildelasserre.com\/solidart-paris-carreau-du-temple-1-4-mai-2025\/#article","isPartOf":{"@id":"https:\/\/clothildelasserre.com\/solidart-paris-carreau-du-temple-1-4-mai-2025\/"},"author":{"name":"Clothilde Lasserre","@id":"https:\/\/clothildelasserre.com\/#\/schema\/person\/0933af825f73a20ee2987ca96fa3b1bd"},"headline":"SOLID&#8217;ART &#8211; Paris Carreau du Temple &#8211; May 1 > 4 2025","datePublished":"2025-04-28T18:25:09+00:00","mainEntityOfPage":{"@id":"https:\/\/clothildelasserre.com\/solidart-paris-carreau-du-temple-1-4-mai-2025\/"},"wordCount":651,"publisher":{"@id":"https:\/\/clothildelasserre.com\/#organization"},"image":{"@id":"https:\/\/clothildelasserre.com\/solidart-paris-carreau-du-temple-1-4-mai-2025\/#primaryimage"},"thumbnailUrl":"https:\/\/clothildelasserre.com\/wp-content\/uploads\/2025\/04\/COVER-EVENT-FACEBOOK.jpg","keywords":["art","art","art actuel","art actuel","carreau du temple","carreau du temple","ceramica","ceramique","ceramique","child","clothilde","clothilde","enfant","enfant","exhibition","exposition","exposition","fran\u00e7ais","fran\u00e7ais","french","huile sur toile","huile sur toile","lasserre","lasserre","oil on canvas","PARIS","PARIS","PARIS","porcelaine","porcelaine","secours populaire","secours populaire","solidart","solidart","vacances","vacances"],"articleSection":["En cours","Exhibitions","Expositions","Pass\u00e9es"],"inLanguage":"en-US"},{"@type":"WebPage","@id":"https:\/\/clothildelasserre.com\/solidart-paris-carreau-du-temple-1-4-mai-2025\/","url":"https:\/\/clothildelasserre.com\/solidart-paris-carreau-du-temple-1-4-mai-2025\/","name":"SOLID'ART - Paris Carreau du Temple - May 1 > 4 2025 - Clothilde Lasserre","isPartOf":{"@id":"https:\/\/clothildelasserre.com\/#website"},"primaryImageOfPage":{"@id":"https:\/\/clothildelasserre.com\/solidart-paris-carreau-du-temple-1-4-mai-2025\/#primaryimage"},"image":{"@id":"https:\/\/clothildelasserre.com\/solidart-paris-carreau-du-temple-1-4-mai-2025\/#primaryimage"},"thumbnailUrl":"https:\/\/clothildelasserre.com\/wp-content\/uploads\/2025\/04\/COVER-EVENT-FACEBOOK.jpg","datePublished":"2025-04-28T18:25:09+00:00","description":"Rendez-vous unique au coeur de Paris : du 20 au 23 avril 2023, venez d\u00e9couvrir les peintures et sculptures de l'artiste plasticienne Clothilde Lasserre","breadcrumb":{"@id":"https:\/\/clothildelasserre.com\/solidart-paris-carreau-du-temple-1-4-mai-2025\/#breadcrumb"},"inLanguage":"en-US","potentialAction":[{"@type":"ReadAction","target":["https:\/\/clothildelasserre.com\/solidart-paris-carreau-du-temple-1-4-mai-2025\/"]}]},{"@type":"ImageObject","inLanguage":"en-US","@id":"https:\/\/clothildelasserre.com\/solidart-paris-carreau-du-temple-1-4-mai-2025\/#primaryimage","url":"https:\/\/clothildelasserre.com\/wp-content\/uploads\/2025\/04\/COVER-EVENT-FACEBOOK.jpg","contentUrl":"https:\/\/clothildelasserre.com\/wp-content\/uploads\/2025\/04\/COVER-EVENT-FACEBOOK.jpg","width":1200,"height":628,"caption":"Solidart paris 2025 carreau du temple clothilde lasserre"},{"@type":"BreadcrumbList","@id":"https:\/\/clothildelasserre.com\/solidart-paris-carreau-du-temple-1-4-mai-2025\/#breadcrumb","itemListElement":[{"@type":"ListItem","position":1,"name":"Accueil","item":"https:\/\/clothildelasserre.com\/en\/"},{"@type":"ListItem","position":2,"name":"SOLID&rsquo;ART &#8211; Paris Carreau du Temple &#8211; May 1 &gt; 4 2025"}]},{"@type":"WebSite","@id":"https:\/\/clothildelasserre.com\/#website","url":"https:\/\/clothildelasserre.com\/","name":"Clothilde Lasserre","description":"Artiste - France","publisher":{"@id":"https:\/\/clothildelasserre.com\/#organization"},"potentialAction":[{"@type":"SearchAction","target":{"@type":"EntryPoint","urlTemplate":"https:\/\/clothildelasserre.com\/?s={search_term_string}"},"query-input":{"@type":"PropertyValueSpecification","valueRequired":true,"valueName":"search_term_string"}}],"inLanguage":"en-US"},{"@type":"Organization","@id":"https:\/\/clothildelasserre.com\/#organization","name":"Clothilde Lasserre","url":"https:\/\/clothildelasserre.com\/","logo":{"@type":"ImageObject","inLanguage":"en-US","@id":"https:\/\/clothildelasserre.com\/#\/schema\/logo\/image\/","url":"https:\/\/clothildelasserre.com\/wp-content\/uploads\/2024\/09\/Clothilde-Lasserre-logo-retina.png","contentUrl":"https:\/\/clothildelasserre.com\/wp-content\/uploads\/2024\/09\/Clothilde-Lasserre-logo-retina.png","width":440,"height":246,"caption":"Clothilde Lasserre"},"image":{"@id":"https:\/\/clothildelasserre.com\/#\/schema\/logo\/image\/"},"sameAs":["https:\/\/fr-fr.facebook.com\/clothildelasserreartistepeintre\/","https:\/\/x.com\/clolasserre","https:\/\/www.instagram.com\/clothilde_lasserre_artist\/"]},{"@type":"Person","@id":"https:\/\/clothildelasserre.com\/#\/schema\/person\/0933af825f73a20ee2987ca96fa3b1bd","name":"Clothilde Lasserre"}]}},"taxonomy_info":{"category":[{"value":10,"label":"En cours"},{"value":286,"label":"Exhibitions"},{"value":11,"label":"Expositions"},{"value":243,"label":"Pass\u00e9es"}],"post_tag":[{"value":382,"label":"art"},{"value":375,"label":"art"},{"value":417,"label":"art actuel"},{"value":423,"label":"art actuel"},{"value":883,"label":"carreau du temple"},{"value":889,"label":"carreau du temple"},{"value":897,"label":"ceramica"},{"value":300,"label":"ceramique"},{"value":323,"label":"ceramique"},{"value":895,"label":"child"},{"value":324,"label":"clothilde"},{"value":306,"label":"clothilde"},{"value":890,"label":"enfant"},{"value":885,"label":"enfant"},{"value":401,"label":"exhibition"},{"value":384,"label":"exposition"},{"value":369,"label":"exposition"},{"value":891,"label":"fran\u00e7ais"},{"value":888,"label":"fran\u00e7ais"},{"value":896,"label":"french"},{"value":386,"label":"huile sur toile"},{"value":376,"label":"huile sur toile"},{"value":329,"label":"lasserre"},{"value":307,"label":"lasserre"},{"value":898,"label":"oil on canvas"},{"value":464,"label":"PARIS"},{"value":485,"label":"PARIS"},{"value":405,"label":"PARIS"},{"value":304,"label":"porcelaine"},{"value":331,"label":"porcelaine"},{"value":892,"label":"secours populaire"},{"value":887,"label":"secours populaire"},{"value":893,"label":"solidart"},{"value":800,"label":"solidart"},{"value":886,"label":"vacances"},{"value":894,"label":"vacances"}]},"featured_image_src_large":["https:\/\/clothildelasserre.com\/wp-content\/uploads\/2025\/04\/COVER-EVENT-FACEBOOK-1024x536.jpg",1024,536,true],"author_info":{"display_name":"Clothilde Lasserre","author_link":"https:\/\/clothildelasserre.com\/en\/author\/clo\/"},"comment_info":0,"category_info":[{"term_id":10,"name":"En cours","slug":"exposition-peintre-art-contemporain-en-cours","term_group":0,"term_taxonomy_id":10,"taxonomy":"category","description":"","parent":0,"count":17,"filter":"raw","cat_ID":10,"category_count":17,"category_description":"","cat_name":"En cours","category_nicename":"exposition-peintre-art-contemporain-en-cours","category_parent":0},{"term_id":286,"name":"Exhibitions","slug":"exhibitions","term_group":0,"term_taxonomy_id":286,"taxonomy":"category","description":"","parent":0,"count":53,"filter":"raw","cat_ID":286,"category_count":53,"category_description":"","cat_name":"Exhibitions","category_nicename":"exhibitions","category_parent":0},{"term_id":11,"name":"Expositions","slug":"exposition-peintre-art-contemporain","term_group":0,"term_taxonomy_id":11,"taxonomy":"category","description":"","parent":0,"count":82,"filter":"raw","cat_ID":11,"category_count":82,"category_description":"","cat_name":"Expositions","category_nicename":"exposition-peintre-art-contemporain","category_parent":0},{"term_id":243,"name":"Pass\u00e9es","slug":"exposition-peintre-art-contemporain-passees","term_group":0,"term_taxonomy_id":243,"taxonomy":"category","description":"","parent":0,"count":44,"filter":"raw","cat_ID":243,"category_count":44,"category_description":"","cat_name":"Pass\u00e9es","category_nicename":"exposition-peintre-art-contemporain-passees","category_parent":0}],"tag_info":[{"term_id":382,"name":"art","slug":"art-en","term_group":0,"term_taxonomy_id":382,"taxonomy":"post_tag","description":"","parent":0,"count":19,"filter":"raw"},{"term_id":375,"name":"art","slug":"art","term_group":0,"term_taxonomy_id":375,"taxonomy":"post_tag","description":"","parent":0,"count":37,"filter":"raw"},{"term_id":417,"name":"art actuel","slug":"art-actuel","term_group":0,"term_taxonomy_id":417,"taxonomy":"post_tag","description":"","parent":0,"count":50,"filter":"raw"},{"term_id":423,"name":"art actuel","slug":"art-actuel-en","term_group":0,"term_taxonomy_id":423,"taxonomy":"post_tag","description":"","parent":0,"count":26,"filter":"raw"},{"term_id":883,"name":"carreau du temple","slug":"carreau-du-temple","term_group":0,"term_taxonomy_id":883,"taxonomy":"post_tag","description":"","parent":0,"count":4,"filter":"raw"},{"term_id":889,"name":"carreau du temple","slug":"carreau-du-temple-en","term_group":0,"term_taxonomy_id":889,"taxonomy":"post_tag","description":"","parent":0,"count":4,"filter":"raw"},{"term_id":897,"name":"ceramica","slug":"ceramica","term_group":0,"term_taxonomy_id":897,"taxonomy":"post_tag","description":"","parent":0,"count":4,"filter":"raw"},{"term_id":300,"name":"ceramique","slug":"ceramique","term_group":0,"term_taxonomy_id":300,"taxonomy":"post_tag","description":"","parent":0,"count":31,"filter":"raw"},{"term_id":323,"name":"ceramique","slug":"ceramique-en","term_group":0,"term_taxonomy_id":323,"taxonomy":"post_tag","description":"","parent":0,"count":18,"filter":"raw"},{"term_id":895,"name":"child","slug":"child","term_group":0,"term_taxonomy_id":895,"taxonomy":"post_tag","description":"","parent":0,"count":4,"filter":"raw"},{"term_id":324,"name":"clothilde","slug":"clothilde-en","term_group":0,"term_taxonomy_id":324,"taxonomy":"post_tag","description":"","parent":0,"count":23,"filter":"raw"},{"term_id":306,"name":"clothilde","slug":"clothilde","term_group":0,"term_taxonomy_id":306,"taxonomy":"post_tag","description":"","parent":0,"count":48,"filter":"raw"},{"term_id":890,"name":"enfant","slug":"enfant-en","term_group":0,"term_taxonomy_id":890,"taxonomy":"post_tag","description":"","parent":0,"count":3,"filter":"raw"},{"term_id":885,"name":"enfant","slug":"enfant","term_group":0,"term_taxonomy_id":885,"taxonomy":"post_tag","description":"","parent":0,"count":5,"filter":"raw"},{"term_id":401,"name":"exhibition","slug":"exhibition","term_group":0,"term_taxonomy_id":401,"taxonomy":"post_tag","description":"","parent":0,"count":6,"filter":"raw"},{"term_id":384,"name":"exposition","slug":"exposition-en","term_group":0,"term_taxonomy_id":384,"taxonomy":"post_tag","description":"","parent":0,"count":21,"filter":"raw"},{"term_id":369,"name":"exposition","slug":"exposition","term_group":0,"term_taxonomy_id":369,"taxonomy":"post_tag","description":"","parent":0,"count":43,"filter":"raw"},{"term_id":891,"name":"fran\u00e7ais","slug":"francais-en","term_group":0,"term_taxonomy_id":891,"taxonomy":"post_tag","description":"","parent":0,"count":4,"filter":"raw"},{"term_id":888,"name":"fran\u00e7ais","slug":"francais","term_group":0,"term_taxonomy_id":888,"taxonomy":"post_tag","description":"","parent":0,"count":6,"filter":"raw"},{"term_id":896,"name":"french","slug":"french","term_group":0,"term_taxonomy_id":896,"taxonomy":"post_tag","description":"","parent":0,"count":4,"filter":"raw"},{"term_id":386,"name":"huile sur toile","slug":"huile-sur-toile-en","term_group":0,"term_taxonomy_id":386,"taxonomy":"post_tag","description":"","parent":0,"count":20,"filter":"raw"},{"term_id":376,"name":"huile sur toile","slug":"huile-sur-toile","term_group":0,"term_taxonomy_id":376,"taxonomy":"post_tag","description":"","parent":0,"count":39,"filter":"raw"},{"term_id":329,"name":"lasserre","slug":"lasserre-en","term_group":0,"term_taxonomy_id":329,"taxonomy":"post_tag","description":"","parent":0,"count":28,"filter":"raw"},{"term_id":307,"name":"lasserre","slug":"lasserre","term_group":0,"term_taxonomy_id":307,"taxonomy":"post_tag","description":"","parent":0,"count":53,"filter":"raw"},{"term_id":898,"name":"oil on canvas","slug":"oil-on-canvas","term_group":0,"term_taxonomy_id":898,"taxonomy":"post_tag","description":"","parent":0,"count":4,"filter":"raw"},{"term_id":464,"name":"PARIS","slug":"paris-2","term_group":0,"term_taxonomy_id":464,"taxonomy":"post_tag","description":"","parent":0,"count":18,"filter":"raw"},{"term_id":485,"name":"PARIS","slug":"paris-2-en","term_group":0,"term_taxonomy_id":485,"taxonomy":"post_tag","description":"","parent":0,"count":11,"filter":"raw"},{"term_id":405,"name":"PARIS","slug":"paris","term_group":0,"term_taxonomy_id":405,"taxonomy":"post_tag","description":"","parent":0,"count":15,"filter":"raw"},{"term_id":304,"name":"porcelaine","slug":"porcelaine","term_group":0,"term_taxonomy_id":304,"taxonomy":"post_tag","description":"","parent":0,"count":36,"filter":"raw"},{"term_id":331,"name":"porcelaine","slug":"porcelaine-en","term_group":0,"term_taxonomy_id":331,"taxonomy":"post_tag","description":"","parent":0,"count":20,"filter":"raw"},{"term_id":892,"name":"secours populaire","slug":"secours-populaire-en","term_group":0,"term_taxonomy_id":892,"taxonomy":"post_tag","description":"","parent":0,"count":3,"filter":"raw"},{"term_id":887,"name":"secours populaire","slug":"secours-populaire","term_group":0,"term_taxonomy_id":887,"taxonomy":"post_tag","description":"","parent":0,"count":4,"filter":"raw"},{"term_id":893,"name":"solidart","slug":"solidart-en","term_group":0,"term_taxonomy_id":893,"taxonomy":"post_tag","description":"","parent":0,"count":3,"filter":"raw"},{"term_id":800,"name":"solidart","slug":"solidart","term_group":0,"term_taxonomy_id":800,"taxonomy":"post_tag","description":"","parent":0,"count":5,"filter":"raw"},{"term_id":886,"name":"vacances","slug":"vacances","term_group":0,"term_taxonomy_id":886,"taxonomy":"post_tag","description":"","parent":0,"count":5,"filter":"raw"},{"term_id":894,"name":"vacances","slug":"vacances-en","term_group":0,"term_taxonomy_id":894,"taxonomy":"post_tag","description":"","parent":0,"count":3,"filter":"raw"}],"_links":{"self":[{"href":"https:\/\/clothildelasserre.com\/en\/wp-json\/wp\/v2\/posts\/25986","targetHints":{"allow":["GET"]}}],"collection":[{"href":"https:\/\/clothildelasserre.com\/en\/wp-json\/wp\/v2\/posts"}],"about":[{"href":"https:\/\/clothildelasserre.com\/en\/wp-json\/wp\/v2\/types\/post"}],"author":[{"embeddable":true,"href":"https:\/\/clothildelasserre.com\/en\/wp-json\/wp\/v2\/users\/1"}],"replies":[{"embeddable":true,"href":"https:\/\/clothildelasserre.com\/en\/wp-json\/wp\/v2\/comments?post=25986"}],"version-history":[{"count":0,"href":"https:\/\/clothildelasserre.com\/en\/wp-json\/wp\/v2\/posts\/25986\/revisions"}],"wp:featuredmedia":[{"embeddable":true,"href":"https:\/\/clothildelasserre.com\/en\/wp-json\/wp\/v2\/media\/25997"}],"wp:attachment":[{"href":"https:\/\/clothildelasserre.com\/en\/wp-json\/wp\/v2\/media?parent=25986"}],"wp:term":[{"taxonomy":"category","embeddable":true,"href":"https:\/\/clothildelasserre.com\/en\/wp-json\/wp\/v2\/categories?post=25986"},{"taxonomy":"post_tag","embeddable":true,"href":"https:\/\/clothildelasserre.com\/en\/wp-json\/wp\/v2\/tags?post=25986"}],"curies":[{"name":"wp","href":"https:\/\/api.w.org\/{rel}","templated":true}]}}