{"id":23033,"date":"2024-04-10T08:56:22","date_gmt":"2024-04-10T06:56:22","guid":{"rendered":"https:\/\/clothildelasserre.com\/?p=23033"},"modified":"2024-04-28T19:31:06","modified_gmt":"2024-04-28T17:31:06","slug":"rotarienne-des-arts-april-13-28-2024-les-sables-dolonnes","status":"publish","type":"post","link":"https:\/\/clothildelasserre.com\/en\/rotarienne-des-arts-april-13-28-2024-les-sables-dolonnes\/","title":{"rendered":"Rotarienne des Arts \u2013 April 13 > 28 2024 \u2013 Les Sables d\u2019Olonnes"},"content":{"rendered":"<h2 style=\"text-align: center;\">Rotarian of the Arts 2024<\/h2>\n<h4 style=\"text-align: center;\">Saint Nicolas Priory \u2013 Sables d&#8217;Olonne<\/h4>\n<h2 style=\"text-align: center;\">April 13 to 28, 2024<\/h2>\n<h4 style=\"text-align: center;\">Art for the benefit of the fight against breast cancer<\/h4>\n<p>The 2024 Rotarian of the Arts will take place from April 13 to April 28, 2024 at the Prieur\u00e9 Saint Nicolas in Les Sables d&#8217;Olonne.<br \/>\nThis exhibition-sale is organized by our Rotary Club Les Sables d&#8217;Olonne for the benefit of the fight against breast cancer.<br \/>\nThe artist will present a selection of his latest porcelain works\t\t<\/p>\n<style>\/*! elementor - v3.20.0 - 26-03-2024 *\/\n.elementor-widget-image{text-align:center}.elementor-widget-image a{display:inline-block}.elementor-widget-image a img[src$=\".svg\"]{width:48px}.elementor-widget-image img{vertical-align:middle;display:inline-block}<\/style>\n<p>\t\t\t\t\t\t\t\t\t\t<img loading=\"lazy\" decoding=\"async\" width=\"749\" height=\"1024\" src=\"https:\/\/clothildelasserre.com\/wp-content\/uploads\/2024\/04\/Rotarienne-des-Arts-2024_flyers-A5-RV-1-1-749x1024.jpg\" alt=\"\" srcset=\"https:\/\/clothildelasserre.com\/wp-content\/uploads\/2024\/04\/Rotarienne-des-Arts-2024_flyers-A5-RV-1-1-749x1024.jpg 749w, https:\/\/clothildelasserre.com\/wp-content\/uploads\/2024\/04\/Rotarienne-des-Arts-2024_flyers-A5-RV-1-1-219x300.jpg 219w, https:\/\/clothildelasserre.com\/wp-content\/uploads\/2024\/04\/Rotarienne-des-Arts-2024_flyers-A5-RV-1-1-768x1050.jpg 768w, https:\/\/clothildelasserre.com\/wp-content\/uploads\/2024\/04\/Rotarienne-des-Arts-2024_flyers-A5-RV-1-1-1123x1536.jpg 1123w, https:\/\/clothildelasserre.com\/wp-content\/uploads\/2024\/04\/Rotarienne-des-Arts-2024_flyers-A5-RV-1-1-1497x2048.jpg 1497w, https:\/\/clothildelasserre.com\/wp-content\/uploads\/2024\/04\/Rotarienne-des-Arts-2024_flyers-A5-RV-1-1-scaled.jpg 1872w\" sizes=\"auto, (max-width: 749px) 100vw, 749px\" \/><\/p>\n","protected":false},"excerpt":{"rendered":"<p>The 2024 Rotarian of the Arts will take place from April 13 to April 28, 2024 at the Prieur\u00e9 Saint Nicolas in Les Sables d&#8217;Olonne.<\/p>\n","protected":false},"author":1,"featured_media":23066,"comment_status":"closed","ping_status":"closed","sticky":false,"template":"","format":"standard","meta":{"_acf_changed":false,"_gspb_post_css":"","_kad_blocks_custom_css":"","_kad_blocks_head_custom_js":"","_kad_blocks_body_custom_js":"","_kad_blocks_footer_custom_js":"","_kadence_starter_templates_imported_post":false,"_kad_post_transparent":"","_kad_post_title":"","_kad_post_layout":"","_kad_post_sidebar_id":"","_kad_post_content_style":"","_kad_post_vertical_padding":"","_kad_post_feature":"","_kad_post_feature_position":"","_kad_post_header":false,"_kad_post_footer":false,"_kad_post_classname":"","footnotes":""},"categories":[287,2,288],"tags":[423,417,581,504,579,577,384,580,576,574,575,405,578,304,331,573,440,507],"class_list":["post-23033","post","type-post","status-publish","format-standard","has-post-thumbnail","hentry","category-archived-exhibitions","category-expositions-classees","category-past-exhibitions","tag-art-actuel-en","tag-art-actuel","tag-champ-de-mars","tag-clothilde-lasserre-en","tag-comparaisons","tag-ephemere","tag-exposition-en","tag-expressionnisme","tag-grand-palais","tag-groupe-expressionnisme","tag-jorg-hermle","tag-paris","tag-peintre","tag-porcelaine","tag-porcelaine-en","tag-salon-comparaisons","tag-sculpture","tag-sculpture-en"],"acf":[],"yoast_head":"<!-- This site is optimized with the Yoast SEO plugin v26.8 - https:\/\/yoast.com\/product\/yoast-seo-wordpress\/ -->\n<title>Rotarienne des Arts \u2013 April 13 &gt; 28 2024 \u2013 Les Sables d\u2019Olonnes - Clothilde Lasserre<\/title>\n<meta name=\"robots\" content=\"index, follow, max-snippet:-1, max-image-preview:large, max-video-preview:-1\" \/>\n<link rel=\"canonical\" href=\"https:\/\/clothildelasserre.com\/en\/rotarienne-des-arts-april-13-28-2024-les-sables-dolonnes\/\" \/>\n<meta property=\"og:locale\" content=\"en_US\" \/>\n<meta property=\"og:type\" content=\"article\" \/>\n<meta property=\"og:title\" content=\"Rotarienne des Arts \u2013 April 13 &gt; 28 2024 \u2013 Les Sables d\u2019Olonnes - Clothilde Lasserre\" \/>\n<meta property=\"og:description\" content=\"The 2024 Rotarian of the Arts will take place from April 13 to April 28, 2024 at the Prieur\u00e9 Saint Nicolas in Les Sables d&#039;Olonne.\" \/>\n<meta property=\"og:url\" content=\"https:\/\/clothildelasserre.com\/en\/rotarienne-des-arts-april-13-28-2024-les-sables-dolonnes\/\" \/>\n<meta property=\"og:site_name\" content=\"Clothilde Lasserre\" \/>\n<meta property=\"article:publisher\" content=\"https:\/\/fr-fr.facebook.com\/clothildelasserreartistepeintre\/\" \/>\n<meta property=\"article:published_time\" content=\"2024-04-10T06:56:22+00:00\" \/>\n<meta property=\"article:modified_time\" content=\"2024-04-28T17:31:06+00:00\" \/>\n<meta property=\"og:image\" content=\"https:\/\/clothildelasserre.com\/wp-content\/uploads\/2024\/04\/Bandeau-Rotarienne-des-Arts-2024_flyers-A5-RV-1-2.jpg\" \/>\n\t<meta property=\"og:image:width\" content=\"1991\" \/>\n\t<meta property=\"og:image:height\" content=\"1169\" \/>\n\t<meta property=\"og:image:type\" content=\"image\/jpeg\" \/>\n<meta name=\"author\" content=\"Clothilde Lasserre\" \/>\n<meta name=\"twitter:card\" content=\"summary_large_image\" \/>\n<meta name=\"twitter:creator\" content=\"@clolasserre\" \/>\n<meta name=\"twitter:site\" content=\"@clolasserre\" \/>\n<meta name=\"twitter:label1\" content=\"Written by\" \/>\n\t<meta name=\"twitter:data1\" content=\"Clothilde Lasserre\" \/>\n\t<meta name=\"twitter:label2\" content=\"Est. reading time\" \/>\n\t<meta name=\"twitter:data2\" content=\"1 minute\" \/>\n<script type=\"application\/ld+json\" class=\"yoast-schema-graph\">{\"@context\":\"https:\/\/schema.org\",\"@graph\":[{\"@type\":\"Article\",\"@id\":\"https:\/\/clothildelasserre.com\/en\/rotarienne-des-arts-april-13-28-2024-les-sables-dolonnes\/#article\",\"isPartOf\":{\"@id\":\"https:\/\/clothildelasserre.com\/en\/rotarienne-des-arts-april-13-28-2024-les-sables-dolonnes\/\"},\"author\":{\"name\":\"Clothilde Lasserre\",\"@id\":\"https:\/\/clothildelasserre.com\/#\/schema\/person\/0933af825f73a20ee2987ca96fa3b1bd\"},\"headline\":\"Rotarienne des Arts \u2013 April 13 > 28 2024 \u2013 Les Sables d\u2019Olonnes\",\"datePublished\":\"2024-04-10T06:56:22+00:00\",\"dateModified\":\"2024-04-28T17:31:06+00:00\",\"mainEntityOfPage\":{\"@id\":\"https:\/\/clothildelasserre.com\/en\/rotarienne-des-arts-april-13-28-2024-les-sables-dolonnes\/\"},\"wordCount\":84,\"publisher\":{\"@id\":\"https:\/\/clothildelasserre.com\/#organization\"},\"image\":{\"@id\":\"https:\/\/clothildelasserre.com\/en\/rotarienne-des-arts-april-13-28-2024-les-sables-dolonnes\/#primaryimage\"},\"thumbnailUrl\":\"https:\/\/clothildelasserre.com\/wp-content\/uploads\/2024\/04\/Bandeau-Rotarienne-des-Arts-2024_flyers-A5-RV-1-2.jpg\",\"keywords\":[\"art actuel\",\"art actuel\",\"champ de mars\",\"clothilde lasserre\",\"comparaisons\",\"\u00e9ph\u00e9m\u00e8re\",\"exposition\",\"expressionnisme\",\"Grand palais\",\"groupe expressionnisme\",\"J\u00f6rg Hermle\",\"PARIS\",\"Peintre\",\"porcelaine\",\"porcelaine\",\"salon comparaisons\",\"sculpture\",\"sculpture\"],\"articleSection\":[\"Archived Exhibitions\",\"Expositions classees\",\"Past exhibitions\"],\"inLanguage\":\"en-US\"},{\"@type\":\"WebPage\",\"@id\":\"https:\/\/clothildelasserre.com\/en\/rotarienne-des-arts-april-13-28-2024-les-sables-dolonnes\/\",\"url\":\"https:\/\/clothildelasserre.com\/en\/rotarienne-des-arts-april-13-28-2024-les-sables-dolonnes\/\",\"name\":\"Rotarienne des Arts \u2013 April 13 > 28 2024 \u2013 Les Sables d\u2019Olonnes - Clothilde Lasserre\",\"isPartOf\":{\"@id\":\"https:\/\/clothildelasserre.com\/#website\"},\"primaryImageOfPage\":{\"@id\":\"https:\/\/clothildelasserre.com\/en\/rotarienne-des-arts-april-13-28-2024-les-sables-dolonnes\/#primaryimage\"},\"image\":{\"@id\":\"https:\/\/clothildelasserre.com\/en\/rotarienne-des-arts-april-13-28-2024-les-sables-dolonnes\/#primaryimage\"},\"thumbnailUrl\":\"https:\/\/clothildelasserre.com\/wp-content\/uploads\/2024\/04\/Bandeau-Rotarienne-des-Arts-2024_flyers-A5-RV-1-2.jpg\",\"datePublished\":\"2024-04-10T06:56:22+00:00\",\"dateModified\":\"2024-04-28T17:31:06+00:00\",\"breadcrumb\":{\"@id\":\"https:\/\/clothildelasserre.com\/en\/rotarienne-des-arts-april-13-28-2024-les-sables-dolonnes\/#breadcrumb\"},\"inLanguage\":\"en-US\",\"potentialAction\":[{\"@type\":\"ReadAction\",\"target\":[\"https:\/\/clothildelasserre.com\/en\/rotarienne-des-arts-april-13-28-2024-les-sables-dolonnes\/\"]}]},{\"@type\":\"ImageObject\",\"inLanguage\":\"en-US\",\"@id\":\"https:\/\/clothildelasserre.com\/en\/rotarienne-des-arts-april-13-28-2024-les-sables-dolonnes\/#primaryimage\",\"url\":\"https:\/\/clothildelasserre.com\/wp-content\/uploads\/2024\/04\/Bandeau-Rotarienne-des-Arts-2024_flyers-A5-RV-1-2.jpg\",\"contentUrl\":\"https:\/\/clothildelasserre.com\/wp-content\/uploads\/2024\/04\/Bandeau-Rotarienne-des-Arts-2024_flyers-A5-RV-1-2.jpg\",\"width\":1991,\"height\":1169,\"caption\":\"v\"},{\"@type\":\"BreadcrumbList\",\"@id\":\"https:\/\/clothildelasserre.com\/en\/rotarienne-des-arts-april-13-28-2024-les-sables-dolonnes\/#breadcrumb\",\"itemListElement\":[{\"@type\":\"ListItem\",\"position\":1,\"name\":\"Accueil\",\"item\":\"https:\/\/clothildelasserre.com\/en\/\"},{\"@type\":\"ListItem\",\"position\":2,\"name\":\"Rotarienne des Arts \u2013 April 13 > 28 2024 \u2013 Les Sables d\u2019Olonnes\"}]},{\"@type\":\"WebSite\",\"@id\":\"https:\/\/clothildelasserre.com\/#website\",\"url\":\"https:\/\/clothildelasserre.com\/\",\"name\":\"Clothilde Lasserre\",\"description\":\"Artiste - France\",\"publisher\":{\"@id\":\"https:\/\/clothildelasserre.com\/#organization\"},\"potentialAction\":[{\"@type\":\"SearchAction\",\"target\":{\"@type\":\"EntryPoint\",\"urlTemplate\":\"https:\/\/clothildelasserre.com\/?s={search_term_string}\"},\"query-input\":{\"@type\":\"PropertyValueSpecification\",\"valueRequired\":true,\"valueName\":\"search_term_string\"}}],\"inLanguage\":\"en-US\"},{\"@type\":\"Organization\",\"@id\":\"https:\/\/clothildelasserre.com\/#organization\",\"name\":\"Clothilde Lasserre\",\"url\":\"https:\/\/clothildelasserre.com\/\",\"logo\":{\"@type\":\"ImageObject\",\"inLanguage\":\"en-US\",\"@id\":\"https:\/\/clothildelasserre.com\/#\/schema\/logo\/image\/\",\"url\":\"https:\/\/clothildelasserre.com\/wp-content\/uploads\/2024\/09\/Clothilde-Lasserre-logo-retina.png\",\"contentUrl\":\"https:\/\/clothildelasserre.com\/wp-content\/uploads\/2024\/09\/Clothilde-Lasserre-logo-retina.png\",\"width\":440,\"height\":246,\"caption\":\"Clothilde Lasserre\"},\"image\":{\"@id\":\"https:\/\/clothildelasserre.com\/#\/schema\/logo\/image\/\"},\"sameAs\":[\"https:\/\/fr-fr.facebook.com\/clothildelasserreartistepeintre\/\",\"https:\/\/x.com\/clolasserre\",\"https:\/\/www.instagram.com\/clothilde_lasserre_artist\/\"]},{\"@type\":\"Person\",\"@id\":\"https:\/\/clothildelasserre.com\/#\/schema\/person\/0933af825f73a20ee2987ca96fa3b1bd\",\"name\":\"Clothilde Lasserre\"}]}<\/script>\n<!-- \/ Yoast SEO plugin. -->","yoast_head_json":{"title":"Rotarienne des Arts \u2013 April 13 > 28 2024 \u2013 Les Sables d\u2019Olonnes - Clothilde Lasserre","robots":{"index":"index","follow":"follow","max-snippet":"max-snippet:-1","max-image-preview":"max-image-preview:large","max-video-preview":"max-video-preview:-1"},"canonical":"https:\/\/clothildelasserre.com\/en\/rotarienne-des-arts-april-13-28-2024-les-sables-dolonnes\/","og_locale":"en_US","og_type":"article","og_title":"Rotarienne des Arts \u2013 April 13 > 28 2024 \u2013 Les Sables d\u2019Olonnes - Clothilde Lasserre","og_description":"The 2024 Rotarian of the Arts will take place from April 13 to April 28, 2024 at the Prieur\u00e9 Saint Nicolas in Les Sables d'Olonne.","og_url":"https:\/\/clothildelasserre.com\/en\/rotarienne-des-arts-april-13-28-2024-les-sables-dolonnes\/","og_site_name":"Clothilde Lasserre","article_publisher":"https:\/\/fr-fr.facebook.com\/clothildelasserreartistepeintre\/","article_published_time":"2024-04-10T06:56:22+00:00","article_modified_time":"2024-04-28T17:31:06+00:00","og_image":[{"width":1991,"height":1169,"url":"https:\/\/clothildelasserre.com\/wp-content\/uploads\/2024\/04\/Bandeau-Rotarienne-des-Arts-2024_flyers-A5-RV-1-2.jpg","type":"image\/jpeg"}],"author":"Clothilde Lasserre","twitter_card":"summary_large_image","twitter_creator":"@clolasserre","twitter_site":"@clolasserre","twitter_misc":{"Written by":"Clothilde Lasserre","Est. reading time":"1 minute"},"schema":{"@context":"https:\/\/schema.org","@graph":[{"@type":"Article","@id":"https:\/\/clothildelasserre.com\/en\/rotarienne-des-arts-april-13-28-2024-les-sables-dolonnes\/#article","isPartOf":{"@id":"https:\/\/clothildelasserre.com\/en\/rotarienne-des-arts-april-13-28-2024-les-sables-dolonnes\/"},"author":{"name":"Clothilde Lasserre","@id":"https:\/\/clothildelasserre.com\/#\/schema\/person\/0933af825f73a20ee2987ca96fa3b1bd"},"headline":"Rotarienne des Arts \u2013 April 13 > 28 2024 \u2013 Les Sables d\u2019Olonnes","datePublished":"2024-04-10T06:56:22+00:00","dateModified":"2024-04-28T17:31:06+00:00","mainEntityOfPage":{"@id":"https:\/\/clothildelasserre.com\/en\/rotarienne-des-arts-april-13-28-2024-les-sables-dolonnes\/"},"wordCount":84,"publisher":{"@id":"https:\/\/clothildelasserre.com\/#organization"},"image":{"@id":"https:\/\/clothildelasserre.com\/en\/rotarienne-des-arts-april-13-28-2024-les-sables-dolonnes\/#primaryimage"},"thumbnailUrl":"https:\/\/clothildelasserre.com\/wp-content\/uploads\/2024\/04\/Bandeau-Rotarienne-des-Arts-2024_flyers-A5-RV-1-2.jpg","keywords":["art actuel","art actuel","champ de mars","clothilde lasserre","comparaisons","\u00e9ph\u00e9m\u00e8re","exposition","expressionnisme","Grand palais","groupe expressionnisme","J\u00f6rg Hermle","PARIS","Peintre","porcelaine","porcelaine","salon comparaisons","sculpture","sculpture"],"articleSection":["Archived Exhibitions","Expositions classees","Past exhibitions"],"inLanguage":"en-US"},{"@type":"WebPage","@id":"https:\/\/clothildelasserre.com\/en\/rotarienne-des-arts-april-13-28-2024-les-sables-dolonnes\/","url":"https:\/\/clothildelasserre.com\/en\/rotarienne-des-arts-april-13-28-2024-les-sables-dolonnes\/","name":"Rotarienne des Arts \u2013 April 13 > 28 2024 \u2013 Les Sables d\u2019Olonnes - Clothilde Lasserre","isPartOf":{"@id":"https:\/\/clothildelasserre.com\/#website"},"primaryImageOfPage":{"@id":"https:\/\/clothildelasserre.com\/en\/rotarienne-des-arts-april-13-28-2024-les-sables-dolonnes\/#primaryimage"},"image":{"@id":"https:\/\/clothildelasserre.com\/en\/rotarienne-des-arts-april-13-28-2024-les-sables-dolonnes\/#primaryimage"},"thumbnailUrl":"https:\/\/clothildelasserre.com\/wp-content\/uploads\/2024\/04\/Bandeau-Rotarienne-des-Arts-2024_flyers-A5-RV-1-2.jpg","datePublished":"2024-04-10T06:56:22+00:00","dateModified":"2024-04-28T17:31:06+00:00","breadcrumb":{"@id":"https:\/\/clothildelasserre.com\/en\/rotarienne-des-arts-april-13-28-2024-les-sables-dolonnes\/#breadcrumb"},"inLanguage":"en-US","potentialAction":[{"@type":"ReadAction","target":["https:\/\/clothildelasserre.com\/en\/rotarienne-des-arts-april-13-28-2024-les-sables-dolonnes\/"]}]},{"@type":"ImageObject","inLanguage":"en-US","@id":"https:\/\/clothildelasserre.com\/en\/rotarienne-des-arts-april-13-28-2024-les-sables-dolonnes\/#primaryimage","url":"https:\/\/clothildelasserre.com\/wp-content\/uploads\/2024\/04\/Bandeau-Rotarienne-des-Arts-2024_flyers-A5-RV-1-2.jpg","contentUrl":"https:\/\/clothildelasserre.com\/wp-content\/uploads\/2024\/04\/Bandeau-Rotarienne-des-Arts-2024_flyers-A5-RV-1-2.jpg","width":1991,"height":1169,"caption":"v"},{"@type":"BreadcrumbList","@id":"https:\/\/clothildelasserre.com\/en\/rotarienne-des-arts-april-13-28-2024-les-sables-dolonnes\/#breadcrumb","itemListElement":[{"@type":"ListItem","position":1,"name":"Accueil","item":"https:\/\/clothildelasserre.com\/en\/"},{"@type":"ListItem","position":2,"name":"Rotarienne des Arts \u2013 April 13 > 28 2024 \u2013 Les Sables d\u2019Olonnes"}]},{"@type":"WebSite","@id":"https:\/\/clothildelasserre.com\/#website","url":"https:\/\/clothildelasserre.com\/","name":"Clothilde Lasserre","description":"Artiste - France","publisher":{"@id":"https:\/\/clothildelasserre.com\/#organization"},"potentialAction":[{"@type":"SearchAction","target":{"@type":"EntryPoint","urlTemplate":"https:\/\/clothildelasserre.com\/?s={search_term_string}"},"query-input":{"@type":"PropertyValueSpecification","valueRequired":true,"valueName":"search_term_string"}}],"inLanguage":"en-US"},{"@type":"Organization","@id":"https:\/\/clothildelasserre.com\/#organization","name":"Clothilde Lasserre","url":"https:\/\/clothildelasserre.com\/","logo":{"@type":"ImageObject","inLanguage":"en-US","@id":"https:\/\/clothildelasserre.com\/#\/schema\/logo\/image\/","url":"https:\/\/clothildelasserre.com\/wp-content\/uploads\/2024\/09\/Clothilde-Lasserre-logo-retina.png","contentUrl":"https:\/\/clothildelasserre.com\/wp-content\/uploads\/2024\/09\/Clothilde-Lasserre-logo-retina.png","width":440,"height":246,"caption":"Clothilde Lasserre"},"image":{"@id":"https:\/\/clothildelasserre.com\/#\/schema\/logo\/image\/"},"sameAs":["https:\/\/fr-fr.facebook.com\/clothildelasserreartistepeintre\/","https:\/\/x.com\/clolasserre","https:\/\/www.instagram.com\/clothilde_lasserre_artist\/"]},{"@type":"Person","@id":"https:\/\/clothildelasserre.com\/#\/schema\/person\/0933af825f73a20ee2987ca96fa3b1bd","name":"Clothilde Lasserre"}]}},"taxonomy_info":{"category":[{"value":287,"label":"Archived Exhibitions"},{"value":2,"label":"Expositions classees"},{"value":288,"label":"Past exhibitions"}],"post_tag":[{"value":423,"label":"art actuel"},{"value":417,"label":"art actuel"},{"value":581,"label":"champ de mars"},{"value":504,"label":"clothilde lasserre"},{"value":579,"label":"comparaisons"},{"value":577,"label":"\u00e9ph\u00e9m\u00e8re"},{"value":384,"label":"exposition"},{"value":580,"label":"expressionnisme"},{"value":576,"label":"Grand palais"},{"value":574,"label":"groupe expressionnisme"},{"value":575,"label":"J\u00f6rg Hermle"},{"value":405,"label":"PARIS"},{"value":578,"label":"Peintre"},{"value":304,"label":"porcelaine"},{"value":331,"label":"porcelaine"},{"value":573,"label":"salon comparaisons"},{"value":440,"label":"sculpture"},{"value":507,"label":"sculpture"}]},"featured_image_src_large":["https:\/\/clothildelasserre.com\/wp-content\/uploads\/2024\/04\/Bandeau-Rotarienne-des-Arts-2024_flyers-A5-RV-1-2-1024x601.jpg",1024,601,true],"author_info":{"display_name":"Clothilde Lasserre","author_link":"https:\/\/clothildelasserre.com\/en\/author\/clo\/"},"comment_info":0,"category_info":[{"term_id":287,"name":"Archived Exhibitions","slug":"archived-exhibitions","term_group":0,"term_taxonomy_id":287,"taxonomy":"category","description":"","parent":0,"count":7,"filter":"raw","cat_ID":287,"category_count":7,"category_description":"","cat_name":"Archived Exhibitions","category_nicename":"archived-exhibitions","category_parent":0},{"term_id":2,"name":"Expositions classees","slug":"expositions-classees","term_group":0,"term_taxonomy_id":2,"taxonomy":"category","description":"","parent":0,"count":14,"filter":"raw","cat_ID":2,"category_count":14,"category_description":"","cat_name":"Expositions classees","category_nicename":"expositions-classees","category_parent":0},{"term_id":288,"name":"Past exhibitions","slug":"past-exhibitions","term_group":0,"term_taxonomy_id":288,"taxonomy":"category","description":"","parent":0,"count":28,"filter":"raw","cat_ID":288,"category_count":28,"category_description":"","cat_name":"Past exhibitions","category_nicename":"past-exhibitions","category_parent":0}],"tag_info":[{"term_id":423,"name":"art actuel","slug":"art-actuel-en","term_group":0,"term_taxonomy_id":423,"taxonomy":"post_tag","description":"","parent":0,"count":26,"filter":"raw"},{"term_id":417,"name":"art actuel","slug":"art-actuel","term_group":0,"term_taxonomy_id":417,"taxonomy":"post_tag","description":"","parent":0,"count":50,"filter":"raw"},{"term_id":581,"name":"champ de mars","slug":"champ-de-mars","term_group":0,"term_taxonomy_id":581,"taxonomy":"post_tag","description":"","parent":0,"count":3,"filter":"raw"},{"term_id":504,"name":"clothilde lasserre","slug":"clothilde-lasserre-en","term_group":0,"term_taxonomy_id":504,"taxonomy":"post_tag","description":"","parent":0,"count":9,"filter":"raw"},{"term_id":579,"name":"comparaisons","slug":"comparaisons","term_group":0,"term_taxonomy_id":579,"taxonomy":"post_tag","description":"","parent":0,"count":4,"filter":"raw"},{"term_id":577,"name":"\u00e9ph\u00e9m\u00e8re","slug":"ephemere","term_group":0,"term_taxonomy_id":577,"taxonomy":"post_tag","description":"","parent":0,"count":3,"filter":"raw"},{"term_id":384,"name":"exposition","slug":"exposition-en","term_group":0,"term_taxonomy_id":384,"taxonomy":"post_tag","description":"","parent":0,"count":21,"filter":"raw"},{"term_id":580,"name":"expressionnisme","slug":"expressionnisme","term_group":0,"term_taxonomy_id":580,"taxonomy":"post_tag","description":"","parent":0,"count":2,"filter":"raw"},{"term_id":576,"name":"Grand palais","slug":"grand-palais","term_group":0,"term_taxonomy_id":576,"taxonomy":"post_tag","description":"","parent":0,"count":5,"filter":"raw"},{"term_id":574,"name":"groupe expressionnisme","slug":"groupe-expressionnisme","term_group":0,"term_taxonomy_id":574,"taxonomy":"post_tag","description":"","parent":0,"count":2,"filter":"raw"},{"term_id":575,"name":"J\u00f6rg Hermle","slug":"jorg-hermle","term_group":0,"term_taxonomy_id":575,"taxonomy":"post_tag","description":"","parent":0,"count":2,"filter":"raw"},{"term_id":405,"name":"PARIS","slug":"paris","term_group":0,"term_taxonomy_id":405,"taxonomy":"post_tag","description":"","parent":0,"count":15,"filter":"raw"},{"term_id":578,"name":"Peintre","slug":"peintre","term_group":0,"term_taxonomy_id":578,"taxonomy":"post_tag","description":"","parent":0,"count":4,"filter":"raw"},{"term_id":304,"name":"porcelaine","slug":"porcelaine","term_group":0,"term_taxonomy_id":304,"taxonomy":"post_tag","description":"","parent":0,"count":36,"filter":"raw"},{"term_id":331,"name":"porcelaine","slug":"porcelaine-en","term_group":0,"term_taxonomy_id":331,"taxonomy":"post_tag","description":"","parent":0,"count":20,"filter":"raw"},{"term_id":573,"name":"salon comparaisons","slug":"salon-comparaisons","term_group":0,"term_taxonomy_id":573,"taxonomy":"post_tag","description":"","parent":0,"count":3,"filter":"raw"},{"term_id":440,"name":"sculpture","slug":"sculpture","term_group":0,"term_taxonomy_id":440,"taxonomy":"post_tag","description":"","parent":0,"count":28,"filter":"raw"},{"term_id":507,"name":"sculpture","slug":"sculpture-en","term_group":0,"term_taxonomy_id":507,"taxonomy":"post_tag","description":"","parent":0,"count":18,"filter":"raw"}],"_links":{"self":[{"href":"https:\/\/clothildelasserre.com\/en\/wp-json\/wp\/v2\/posts\/23033","targetHints":{"allow":["GET"]}}],"collection":[{"href":"https:\/\/clothildelasserre.com\/en\/wp-json\/wp\/v2\/posts"}],"about":[{"href":"https:\/\/clothildelasserre.com\/en\/wp-json\/wp\/v2\/types\/post"}],"author":[{"embeddable":true,"href":"https:\/\/clothildelasserre.com\/en\/wp-json\/wp\/v2\/users\/1"}],"replies":[{"embeddable":true,"href":"https:\/\/clothildelasserre.com\/en\/wp-json\/wp\/v2\/comments?post=23033"}],"version-history":[{"count":0,"href":"https:\/\/clothildelasserre.com\/en\/wp-json\/wp\/v2\/posts\/23033\/revisions"}],"wp:featuredmedia":[{"embeddable":true,"href":"https:\/\/clothildelasserre.com\/en\/wp-json\/wp\/v2\/media\/23066"}],"wp:attachment":[{"href":"https:\/\/clothildelasserre.com\/en\/wp-json\/wp\/v2\/media?parent=23033"}],"wp:term":[{"taxonomy":"category","embeddable":true,"href":"https:\/\/clothildelasserre.com\/en\/wp-json\/wp\/v2\/categories?post=23033"},{"taxonomy":"post_tag","embeddable":true,"href":"https:\/\/clothildelasserre.com\/en\/wp-json\/wp\/v2\/tags?post=23033"}],"curies":[{"name":"wp","href":"https:\/\/api.w.org\/{rel}","templated":true}]}}