{"id":22035,"date":"2023-05-09T09:07:21","date_gmt":"2023-05-09T07:07:21","guid":{"rendered":"https:\/\/clothildelasserre.com\/biennale-dart-contemporain-cachan-11-mai-1er-juillet-2023\/"},"modified":"2024-04-28T19:31:12","modified_gmt":"2024-04-28T17:31:12","slug":"biennale-dart-contemporain-cachan-11-mai-1er-juillet-2023","status":"publish","type":"post","link":"https:\/\/clothildelasserre.com\/en\/biennale-dart-contemporain-cachan-11-mai-1er-juillet-2023\/","title":{"rendered":"BIENNALE  of contemporary art &#8211; Cachan &#8211; May 11  > July 1,  2023"},"content":{"rendered":"<h1>BIENNALE of contemporary art \u2013 Cachan<\/h1>\n<p>A raw creator, a born inventor, children know no limits to their imagination. He is not polished by any artistic precept and he is guided by his own inner impulse. Artists seem to refuse the exile of childhood because they are always in search of this state of transformation, this moment so fleeting, so fragile and which is part of each of us.<\/p>\n<p>\u00a0<\/p>\n<p>To take the time of childhood is to re-examine the possibilities of new collective perspectives, it is to take a moment to reflect on the authenticity and fragility of being, while also questioning the notion of transmission. The theme of this edition is therefore placed under the sign of the unbridled imagination, expressiveness and perpetual experimentation.<\/p>\n<p>\u00a0<\/p>\n<style>\/*! elementor - v3.11.5 - 14-03-2023 *\/\n.elementor-widget-image{text-align:center}.elementor-widget-image a{display:inline-block}.elementor-widget-image a img[src$=\".svg\"]{width:48px}.elementor-widget-image img{vertical-align:middle;display:inline-block}<\/style>\n<p>\t\t\t\t\t\t\t\t\t\t\t\t<img decoding=\"async\" width=\"724\" height=\"1024\" src=\"https:\/\/clothildelasserre.com\/wp-content\/uploads\/2023\/05\/Invitation-biennale-2023-R\u00b0-724x1024.jpg\" alt=\"biennale d&#039;art contemporain de cachan 2023 clothilde lasserre\" loading=\"lazy\" srcset=\"https:\/\/clothildelasserre.com\/wp-content\/uploads\/2023\/05\/Invitation-biennale-2023-R\u00b0-724x1024.jpg 724w, https:\/\/clothildelasserre.com\/wp-content\/uploads\/2023\/05\/Invitation-biennale-2023-R\u00b0-212x300.jpg 212w, https:\/\/clothildelasserre.com\/wp-content\/uploads\/2023\/05\/Invitation-biennale-2023-R\u00b0-768x1086.jpg 768w, https:\/\/clothildelasserre.com\/wp-content\/uploads\/2023\/05\/Invitation-biennale-2023-R\u00b0-1086x1536.jpg 1086w, https:\/\/clothildelasserre.com\/wp-content\/uploads\/2023\/05\/Invitation-biennale-2023-R\u00b0-1448x2048.jpg 1448w, https:\/\/clothildelasserre.com\/wp-content\/uploads\/2023\/05\/Invitation-biennale-2023-R\u00b0.jpg 1754w\" sizes=\"auto, (max-width: 724px) 100vw, 724px\" \/><br \/>\n\t\t\t\t\t\t\t\t\t\t\t\t\t\t\t<img decoding=\"async\" width=\"300\" height=\"300\" src=\"https:\/\/clothildelasserre.com\/wp-content\/uploads\/2022\/07\/Vers-la-lumiere-huile-sur-toile-100-100-2022-Lasserre-copyright-ADAGP-Paris-web-300x300.jpg\" alt=\"Vers-la-lumi\u00e8re--huile-sur-toile-100-100-2022-Lasserre-copyright-ADAGP-Paris-web\" loading=\"lazy\" srcset=\"https:\/\/clothildelasserre.com\/wp-content\/uploads\/2022\/07\/Vers-la-lumiere-huile-sur-toile-100-100-2022-Lasserre-copyright-ADAGP-Paris-web-300x300.jpg 300w, https:\/\/clothildelasserre.com\/wp-content\/uploads\/2022\/07\/Vers-la-lumiere-huile-sur-toile-100-100-2022-Lasserre-copyright-ADAGP-Paris-web-1024x1020.jpg 1024w, https:\/\/clothildelasserre.com\/wp-content\/uploads\/2022\/07\/Vers-la-lumiere-huile-sur-toile-100-100-2022-Lasserre-copyright-ADAGP-Paris-web-150x150.jpg 150w, https:\/\/clothildelasserre.com\/wp-content\/uploads\/2022\/07\/Vers-la-lumiere-huile-sur-toile-100-100-2022-Lasserre-copyright-ADAGP-Paris-web-768x765.jpg 768w, https:\/\/clothildelasserre.com\/wp-content\/uploads\/2022\/07\/Vers-la-lumiere-huile-sur-toile-100-100-2022-Lasserre-copyright-ADAGP-Paris-web-1536x1530.jpg 1536w, https:\/\/clothildelasserre.com\/wp-content\/uploads\/2022\/07\/Vers-la-lumiere-huile-sur-toile-100-100-2022-Lasserre-copyright-ADAGP-Paris-web-2048x2040.jpg 2048w\" sizes=\"auto, (max-width: 300px) 100vw, 300px\" \/>\t\t\t\t\t\t\t\t\t\t\t\t\t\t\t<\/p>\n<h3>Letter of intent from Clothilde Lasserre:<\/h3>\n<p>Links are created, encounters materialize and give us faith in each other.<br \/>Unconsciously, we immediately think of children because they come and go, play, run. The adult does not see himself, does not imagine himself in this scene. Unconsciously, the enthusiasm that we literally feel in running towards each other, the adult no longer experiences it! He has lost this momentum, this spontaneity specific to childhood!<br \/>And if this realization makes us feel that time with nostalgia, why wouldn&#8217;t it make us want to run, again, towards each other with joy and enthusiasm in the hope of sharing a common perspective together?<\/p>\n<p>\u00a0<\/p>\n<h3>An exceptional jury<\/h3>\n<p>No less than 160 artists from all over France presented their work to participate in this highlight of the city of Cachan. 57 of them, the majority of them women, were selected by a nationally and internationally renowned jury. This jury, made up of big names such as Julio Le Parc, Fran\u00e7oise P\u00e9trovitch, Florence Guerlain, Olivier Marty, Nathalie Borowski and Olivier de Cayron, greatly contributes to the reputation of the Biennale. By exhibiting the works of well-known artists or new talents, the City also contributes greatly to promoting the work of artists to art galleries.<\/p>\n<h3>A multiple course<\/h3>\n<p>From May 11 to July 1, 2023, the 57 selected works are exhibited at L&#8217;Orangerie and at the Jacques Carat theater gallery. As for the previous edition, large panels will be installed on the gates of the Raspail park, in order to allow all Cachanais and Cachanaises to also appreciate the biennial in the open air. A proliferation of places to visit can be explained by the desire to make art accessible everywhere and in all circumstances.<\/p>\n<h3>Useful information<\/h3>\n<p>Exhibition from May 11 to July 1, 2023 (opening Thursday May 11, 2023 at 7 p.m.)<\/p>\n<p>Locations: L&#8217;Orangerie, 15 rue Gallieni and Galerie du Th\u00e9\u00e2tre Jacques Carat, 21 avenue Louis Georgeon, during normal opening hours.<\/p>\n<p>Free and free access. For more information: <a href=\"https:\/\/www.ville-cachan.fr\/54-carrousel\/2528-biennale-art-contemporain-cachan-2023\" target=\"_blank\" rel=\"noopener\">City of Cachan<\/a><\/p>\n<p>\u00a0<\/p>\n","protected":false},"excerpt":{"rendered":"<p>ne Biennale sous le prisme de l\u2019enfance<\/p>\n<p>\u00c9v\u00e9nement artistique incontournable de la vie culturelle cachanaise, la Biennale d\u2019art contemporain revient du 11 mai au 1er juillet et expose 57 artistes \u00e0 l\u2019Orangerie et \u00e0 la galerie du th\u00e9\u00e2tre Jacques Carat. Le th\u00e8me retenu cette ann\u00e9e est celui de l\u2019enfance.<\/p>\n","protected":false},"author":1,"featured_media":22027,"comment_status":"closed","ping_status":"closed","sticky":false,"template":"","format":"standard","meta":{"_acf_changed":false,"_gspb_post_css":"","_kad_blocks_custom_css":"","_kad_blocks_head_custom_js":"","_kad_blocks_body_custom_js":"","_kad_blocks_footer_custom_js":"","_kadence_starter_templates_imported_post":false,"_kad_post_transparent":"","_kad_post_title":"","_kad_post_layout":"","_kad_post_sidebar_id":"","_kad_post_content_style":"","_kad_post_vertical_padding":"","_kad_post_feature":"","_kad_post_feature_position":"","_kad_post_header":false,"_kad_post_footer":false,"_kad_post_classname":"","footnotes":""},"categories":[285,286,255,288],"tags":[382,375,417,423,395,398,807,810,306,809,811,384,369,682,688,386,376,307,486,416],"class_list":["post-22035","post","type-post","status-publish","format-standard","has-post-thumbnail","hentry","category-current","category-exhibitions","category-general","category-past-exhibitions","tag-art-en","tag-art","tag-art-actuel","tag-art-actuel-en","tag-biennale","tag-biennale-en","tag-cachan","tag-cachan-en","tag-clothilde","tag-enfance","tag-enfance-en","tag-exposition-en","tag-exposition","tag-foule","tag-foule-en","tag-huile-sur-toile-en","tag-huile-sur-toile","tag-lasserre","tag-peinture-en","tag-peinture"],"acf":[],"yoast_head":"<!-- This site is optimized with the Yoast SEO plugin v26.8 - https:\/\/yoast.com\/product\/yoast-seo-wordpress\/ -->\n<title>BIENNALE of contemporary art - Cachan - May 11 &gt; July 1, 2023 - Clothilde Lasserre<\/title>\n<meta name=\"description\" content=\"BIENNALE d\u2019art contemporain de Cachan, An exceptional jury No less than 160 artists from all over France presented their work to take part in this highlight of the city of Cachan. 57 of them, the majority of them women, were selected by a nationally and internationally renowned jury.\" \/>\n<meta name=\"robots\" content=\"index, follow, max-snippet:-1, max-image-preview:large, max-video-preview:-1\" \/>\n<link rel=\"canonical\" href=\"https:\/\/clothildelasserre.com\/en\/biennale-dart-contemporain-cachan-11-mai-1er-juillet-2023\/\" \/>\n<meta property=\"og:locale\" content=\"en_US\" \/>\n<meta property=\"og:type\" content=\"article\" \/>\n<meta property=\"og:title\" content=\"BIENNALE of contemporary art - Cachan - May 11 &gt; July 1, 2023 - Clothilde Lasserre\" \/>\n<meta property=\"og:description\" content=\"BIENNALE d\u2019art contemporain de Cachan, An exceptional jury No less than 160 artists from all over France presented their work to take part in this highlight of the city of Cachan. 57 of them, the majority of them women, were selected by a nationally and internationally renowned jury.\" \/>\n<meta property=\"og:url\" content=\"https:\/\/clothildelasserre.com\/en\/biennale-dart-contemporain-cachan-11-mai-1er-juillet-2023\/\" \/>\n<meta property=\"og:site_name\" content=\"Clothilde Lasserre\" \/>\n<meta property=\"article:publisher\" content=\"https:\/\/fr-fr.facebook.com\/clothildelasserreartistepeintre\/\" \/>\n<meta property=\"article:published_time\" content=\"2023-05-09T07:07:21+00:00\" \/>\n<meta property=\"article:modified_time\" content=\"2024-04-28T17:31:12+00:00\" \/>\n<meta property=\"og:image\" content=\"https:\/\/clothildelasserre.com\/wp-content\/uploads\/2023\/05\/Invitation-biennale-2023-R\u00b0-bandeau.jpg\" \/>\n\t<meta property=\"og:image:width\" content=\"938\" \/>\n\t<meta property=\"og:image:height\" content=\"363\" \/>\n\t<meta property=\"og:image:type\" content=\"image\/jpeg\" \/>\n<meta name=\"author\" content=\"Clothilde Lasserre\" \/>\n<meta name=\"twitter:card\" content=\"summary_large_image\" \/>\n<meta name=\"twitter:creator\" content=\"@clolasserre\" \/>\n<meta name=\"twitter:site\" content=\"@clolasserre\" \/>\n<meta name=\"twitter:label1\" content=\"Written by\" \/>\n\t<meta name=\"twitter:data1\" content=\"Clothilde Lasserre\" \/>\n\t<meta name=\"twitter:label2\" content=\"Est. reading time\" \/>\n\t<meta name=\"twitter:data2\" content=\"3 minutes\" \/>\n<script type=\"application\/ld+json\" class=\"yoast-schema-graph\">{\"@context\":\"https:\/\/schema.org\",\"@graph\":[{\"@type\":\"Article\",\"@id\":\"https:\/\/clothildelasserre.com\/en\/biennale-dart-contemporain-cachan-11-mai-1er-juillet-2023\/#article\",\"isPartOf\":{\"@id\":\"https:\/\/clothildelasserre.com\/en\/biennale-dart-contemporain-cachan-11-mai-1er-juillet-2023\/\"},\"author\":{\"name\":\"Clothilde Lasserre\",\"@id\":\"https:\/\/clothildelasserre.com\/#\/schema\/person\/0933af825f73a20ee2987ca96fa3b1bd\"},\"headline\":\"BIENNALE of contemporary art &#8211; Cachan &#8211; May 11 > July 1, 2023\",\"datePublished\":\"2023-05-09T07:07:21+00:00\",\"dateModified\":\"2024-04-28T17:31:12+00:00\",\"mainEntityOfPage\":{\"@id\":\"https:\/\/clothildelasserre.com\/en\/biennale-dart-contemporain-cachan-11-mai-1er-juillet-2023\/\"},\"wordCount\":459,\"publisher\":{\"@id\":\"https:\/\/clothildelasserre.com\/#organization\"},\"image\":{\"@id\":\"https:\/\/clothildelasserre.com\/en\/biennale-dart-contemporain-cachan-11-mai-1er-juillet-2023\/#primaryimage\"},\"thumbnailUrl\":\"https:\/\/clothildelasserre.com\/wp-content\/uploads\/2023\/05\/Invitation-biennale-2023-R\u00b0-bandeau.jpg\",\"keywords\":[\"art\",\"art\",\"art actuel\",\"art actuel\",\"biennale\",\"biennale\",\"cachan\",\"cachan\",\"clothilde\",\"enfance\",\"enfance\",\"exposition\",\"exposition\",\"foule\",\"foule\",\"huile sur toile\",\"huile sur toile\",\"lasserre\",\"peinture\",\"peinture\"],\"articleSection\":[\"Current\",\"Exhibitions\",\"General\",\"Past exhibitions\"],\"inLanguage\":\"en-US\"},{\"@type\":\"WebPage\",\"@id\":\"https:\/\/clothildelasserre.com\/en\/biennale-dart-contemporain-cachan-11-mai-1er-juillet-2023\/\",\"url\":\"https:\/\/clothildelasserre.com\/en\/biennale-dart-contemporain-cachan-11-mai-1er-juillet-2023\/\",\"name\":\"BIENNALE of contemporary art - Cachan - May 11 > July 1, 2023 - Clothilde Lasserre\",\"isPartOf\":{\"@id\":\"https:\/\/clothildelasserre.com\/#website\"},\"primaryImageOfPage\":{\"@id\":\"https:\/\/clothildelasserre.com\/en\/biennale-dart-contemporain-cachan-11-mai-1er-juillet-2023\/#primaryimage\"},\"image\":{\"@id\":\"https:\/\/clothildelasserre.com\/en\/biennale-dart-contemporain-cachan-11-mai-1er-juillet-2023\/#primaryimage\"},\"thumbnailUrl\":\"https:\/\/clothildelasserre.com\/wp-content\/uploads\/2023\/05\/Invitation-biennale-2023-R\u00b0-bandeau.jpg\",\"datePublished\":\"2023-05-09T07:07:21+00:00\",\"dateModified\":\"2024-04-28T17:31:12+00:00\",\"description\":\"BIENNALE d\u2019art contemporain de Cachan, An exceptional jury No less than 160 artists from all over France presented their work to take part in this highlight of the city of Cachan. 57 of them, the majority of them women, were selected by a nationally and internationally renowned jury.\",\"breadcrumb\":{\"@id\":\"https:\/\/clothildelasserre.com\/en\/biennale-dart-contemporain-cachan-11-mai-1er-juillet-2023\/#breadcrumb\"},\"inLanguage\":\"en-US\",\"potentialAction\":[{\"@type\":\"ReadAction\",\"target\":[\"https:\/\/clothildelasserre.com\/en\/biennale-dart-contemporain-cachan-11-mai-1er-juillet-2023\/\"]}]},{\"@type\":\"ImageObject\",\"inLanguage\":\"en-US\",\"@id\":\"https:\/\/clothildelasserre.com\/en\/biennale-dart-contemporain-cachan-11-mai-1er-juillet-2023\/#primaryimage\",\"url\":\"https:\/\/clothildelasserre.com\/wp-content\/uploads\/2023\/05\/Invitation-biennale-2023-R\u00b0-bandeau.jpg\",\"contentUrl\":\"https:\/\/clothildelasserre.com\/wp-content\/uploads\/2023\/05\/Invitation-biennale-2023-R\u00b0-bandeau.jpg\",\"width\":938,\"height\":363,\"caption\":\"biennale de cachan clothilde lasserre 2023 enfance prise de conscience\"},{\"@type\":\"BreadcrumbList\",\"@id\":\"https:\/\/clothildelasserre.com\/en\/biennale-dart-contemporain-cachan-11-mai-1er-juillet-2023\/#breadcrumb\",\"itemListElement\":[{\"@type\":\"ListItem\",\"position\":1,\"name\":\"Accueil\",\"item\":\"https:\/\/clothildelasserre.com\/en\/\"},{\"@type\":\"ListItem\",\"position\":2,\"name\":\"BIENNALE of contemporary art &#8211; Cachan &#8211; May 11 > July 1, 2023\"}]},{\"@type\":\"WebSite\",\"@id\":\"https:\/\/clothildelasserre.com\/#website\",\"url\":\"https:\/\/clothildelasserre.com\/\",\"name\":\"Clothilde Lasserre\",\"description\":\"Artiste - France\",\"publisher\":{\"@id\":\"https:\/\/clothildelasserre.com\/#organization\"},\"potentialAction\":[{\"@type\":\"SearchAction\",\"target\":{\"@type\":\"EntryPoint\",\"urlTemplate\":\"https:\/\/clothildelasserre.com\/?s={search_term_string}\"},\"query-input\":{\"@type\":\"PropertyValueSpecification\",\"valueRequired\":true,\"valueName\":\"search_term_string\"}}],\"inLanguage\":\"en-US\"},{\"@type\":\"Organization\",\"@id\":\"https:\/\/clothildelasserre.com\/#organization\",\"name\":\"Clothilde Lasserre\",\"url\":\"https:\/\/clothildelasserre.com\/\",\"logo\":{\"@type\":\"ImageObject\",\"inLanguage\":\"en-US\",\"@id\":\"https:\/\/clothildelasserre.com\/#\/schema\/logo\/image\/\",\"url\":\"https:\/\/clothildelasserre.com\/wp-content\/uploads\/2024\/09\/Clothilde-Lasserre-logo-retina.png\",\"contentUrl\":\"https:\/\/clothildelasserre.com\/wp-content\/uploads\/2024\/09\/Clothilde-Lasserre-logo-retina.png\",\"width\":440,\"height\":246,\"caption\":\"Clothilde Lasserre\"},\"image\":{\"@id\":\"https:\/\/clothildelasserre.com\/#\/schema\/logo\/image\/\"},\"sameAs\":[\"https:\/\/fr-fr.facebook.com\/clothildelasserreartistepeintre\/\",\"https:\/\/x.com\/clolasserre\",\"https:\/\/www.instagram.com\/clothilde_lasserre_artist\/\"]},{\"@type\":\"Person\",\"@id\":\"https:\/\/clothildelasserre.com\/#\/schema\/person\/0933af825f73a20ee2987ca96fa3b1bd\",\"name\":\"Clothilde Lasserre\"}]}<\/script>\n<!-- \/ Yoast SEO plugin. -->","yoast_head_json":{"title":"BIENNALE of contemporary art - Cachan - May 11 > July 1, 2023 - Clothilde Lasserre","description":"BIENNALE d\u2019art contemporain de Cachan, An exceptional jury No less than 160 artists from all over France presented their work to take part in this highlight of the city of Cachan. 57 of them, the majority of them women, were selected by a nationally and internationally renowned jury.","robots":{"index":"index","follow":"follow","max-snippet":"max-snippet:-1","max-image-preview":"max-image-preview:large","max-video-preview":"max-video-preview:-1"},"canonical":"https:\/\/clothildelasserre.com\/en\/biennale-dart-contemporain-cachan-11-mai-1er-juillet-2023\/","og_locale":"en_US","og_type":"article","og_title":"BIENNALE of contemporary art - Cachan - May 11 > July 1, 2023 - Clothilde Lasserre","og_description":"BIENNALE d\u2019art contemporain de Cachan, An exceptional jury No less than 160 artists from all over France presented their work to take part in this highlight of the city of Cachan. 57 of them, the majority of them women, were selected by a nationally and internationally renowned jury.","og_url":"https:\/\/clothildelasserre.com\/en\/biennale-dart-contemporain-cachan-11-mai-1er-juillet-2023\/","og_site_name":"Clothilde Lasserre","article_publisher":"https:\/\/fr-fr.facebook.com\/clothildelasserreartistepeintre\/","article_published_time":"2023-05-09T07:07:21+00:00","article_modified_time":"2024-04-28T17:31:12+00:00","og_image":[{"width":938,"height":363,"url":"https:\/\/clothildelasserre.com\/wp-content\/uploads\/2023\/05\/Invitation-biennale-2023-R\u00b0-bandeau.jpg","type":"image\/jpeg"}],"author":"Clothilde Lasserre","twitter_card":"summary_large_image","twitter_creator":"@clolasserre","twitter_site":"@clolasserre","twitter_misc":{"Written by":"Clothilde Lasserre","Est. reading time":"3 minutes"},"schema":{"@context":"https:\/\/schema.org","@graph":[{"@type":"Article","@id":"https:\/\/clothildelasserre.com\/en\/biennale-dart-contemporain-cachan-11-mai-1er-juillet-2023\/#article","isPartOf":{"@id":"https:\/\/clothildelasserre.com\/en\/biennale-dart-contemporain-cachan-11-mai-1er-juillet-2023\/"},"author":{"name":"Clothilde Lasserre","@id":"https:\/\/clothildelasserre.com\/#\/schema\/person\/0933af825f73a20ee2987ca96fa3b1bd"},"headline":"BIENNALE of contemporary art &#8211; Cachan &#8211; May 11 > July 1, 2023","datePublished":"2023-05-09T07:07:21+00:00","dateModified":"2024-04-28T17:31:12+00:00","mainEntityOfPage":{"@id":"https:\/\/clothildelasserre.com\/en\/biennale-dart-contemporain-cachan-11-mai-1er-juillet-2023\/"},"wordCount":459,"publisher":{"@id":"https:\/\/clothildelasserre.com\/#organization"},"image":{"@id":"https:\/\/clothildelasserre.com\/en\/biennale-dart-contemporain-cachan-11-mai-1er-juillet-2023\/#primaryimage"},"thumbnailUrl":"https:\/\/clothildelasserre.com\/wp-content\/uploads\/2023\/05\/Invitation-biennale-2023-R\u00b0-bandeau.jpg","keywords":["art","art","art actuel","art actuel","biennale","biennale","cachan","cachan","clothilde","enfance","enfance","exposition","exposition","foule","foule","huile sur toile","huile sur toile","lasserre","peinture","peinture"],"articleSection":["Current","Exhibitions","General","Past exhibitions"],"inLanguage":"en-US"},{"@type":"WebPage","@id":"https:\/\/clothildelasserre.com\/en\/biennale-dart-contemporain-cachan-11-mai-1er-juillet-2023\/","url":"https:\/\/clothildelasserre.com\/en\/biennale-dart-contemporain-cachan-11-mai-1er-juillet-2023\/","name":"BIENNALE of contemporary art - Cachan - May 11 > July 1, 2023 - Clothilde Lasserre","isPartOf":{"@id":"https:\/\/clothildelasserre.com\/#website"},"primaryImageOfPage":{"@id":"https:\/\/clothildelasserre.com\/en\/biennale-dart-contemporain-cachan-11-mai-1er-juillet-2023\/#primaryimage"},"image":{"@id":"https:\/\/clothildelasserre.com\/en\/biennale-dart-contemporain-cachan-11-mai-1er-juillet-2023\/#primaryimage"},"thumbnailUrl":"https:\/\/clothildelasserre.com\/wp-content\/uploads\/2023\/05\/Invitation-biennale-2023-R\u00b0-bandeau.jpg","datePublished":"2023-05-09T07:07:21+00:00","dateModified":"2024-04-28T17:31:12+00:00","description":"BIENNALE d\u2019art contemporain de Cachan, An exceptional jury No less than 160 artists from all over France presented their work to take part in this highlight of the city of Cachan. 57 of them, the majority of them women, were selected by a nationally and internationally renowned jury.","breadcrumb":{"@id":"https:\/\/clothildelasserre.com\/en\/biennale-dart-contemporain-cachan-11-mai-1er-juillet-2023\/#breadcrumb"},"inLanguage":"en-US","potentialAction":[{"@type":"ReadAction","target":["https:\/\/clothildelasserre.com\/en\/biennale-dart-contemporain-cachan-11-mai-1er-juillet-2023\/"]}]},{"@type":"ImageObject","inLanguage":"en-US","@id":"https:\/\/clothildelasserre.com\/en\/biennale-dart-contemporain-cachan-11-mai-1er-juillet-2023\/#primaryimage","url":"https:\/\/clothildelasserre.com\/wp-content\/uploads\/2023\/05\/Invitation-biennale-2023-R\u00b0-bandeau.jpg","contentUrl":"https:\/\/clothildelasserre.com\/wp-content\/uploads\/2023\/05\/Invitation-biennale-2023-R\u00b0-bandeau.jpg","width":938,"height":363,"caption":"biennale de cachan clothilde lasserre 2023 enfance prise de conscience"},{"@type":"BreadcrumbList","@id":"https:\/\/clothildelasserre.com\/en\/biennale-dart-contemporain-cachan-11-mai-1er-juillet-2023\/#breadcrumb","itemListElement":[{"@type":"ListItem","position":1,"name":"Accueil","item":"https:\/\/clothildelasserre.com\/en\/"},{"@type":"ListItem","position":2,"name":"BIENNALE of contemporary art &#8211; Cachan &#8211; May 11 > July 1, 2023"}]},{"@type":"WebSite","@id":"https:\/\/clothildelasserre.com\/#website","url":"https:\/\/clothildelasserre.com\/","name":"Clothilde Lasserre","description":"Artiste - France","publisher":{"@id":"https:\/\/clothildelasserre.com\/#organization"},"potentialAction":[{"@type":"SearchAction","target":{"@type":"EntryPoint","urlTemplate":"https:\/\/clothildelasserre.com\/?s={search_term_string}"},"query-input":{"@type":"PropertyValueSpecification","valueRequired":true,"valueName":"search_term_string"}}],"inLanguage":"en-US"},{"@type":"Organization","@id":"https:\/\/clothildelasserre.com\/#organization","name":"Clothilde Lasserre","url":"https:\/\/clothildelasserre.com\/","logo":{"@type":"ImageObject","inLanguage":"en-US","@id":"https:\/\/clothildelasserre.com\/#\/schema\/logo\/image\/","url":"https:\/\/clothildelasserre.com\/wp-content\/uploads\/2024\/09\/Clothilde-Lasserre-logo-retina.png","contentUrl":"https:\/\/clothildelasserre.com\/wp-content\/uploads\/2024\/09\/Clothilde-Lasserre-logo-retina.png","width":440,"height":246,"caption":"Clothilde Lasserre"},"image":{"@id":"https:\/\/clothildelasserre.com\/#\/schema\/logo\/image\/"},"sameAs":["https:\/\/fr-fr.facebook.com\/clothildelasserreartistepeintre\/","https:\/\/x.com\/clolasserre","https:\/\/www.instagram.com\/clothilde_lasserre_artist\/"]},{"@type":"Person","@id":"https:\/\/clothildelasserre.com\/#\/schema\/person\/0933af825f73a20ee2987ca96fa3b1bd","name":"Clothilde Lasserre"}]}},"taxonomy_info":{"category":[{"value":285,"label":"Current"},{"value":286,"label":"Exhibitions"},{"value":255,"label":"General"},{"value":288,"label":"Past exhibitions"}],"post_tag":[{"value":382,"label":"art"},{"value":375,"label":"art"},{"value":417,"label":"art actuel"},{"value":423,"label":"art actuel"},{"value":395,"label":"biennale"},{"value":398,"label":"biennale"},{"value":807,"label":"cachan"},{"value":810,"label":"cachan"},{"value":306,"label":"clothilde"},{"value":809,"label":"enfance"},{"value":811,"label":"enfance"},{"value":384,"label":"exposition"},{"value":369,"label":"exposition"},{"value":682,"label":"foule"},{"value":688,"label":"foule"},{"value":386,"label":"huile sur toile"},{"value":376,"label":"huile sur toile"},{"value":307,"label":"lasserre"},{"value":486,"label":"peinture"},{"value":416,"label":"peinture"}]},"featured_image_src_large":["https:\/\/clothildelasserre.com\/wp-content\/uploads\/2023\/05\/Invitation-biennale-2023-R\u00b0-bandeau.jpg",938,363,false],"author_info":{"display_name":"Clothilde Lasserre","author_link":"https:\/\/clothildelasserre.com\/en\/author\/clo\/"},"comment_info":0,"category_info":[{"term_id":285,"name":"Current","slug":"current","term_group":0,"term_taxonomy_id":285,"taxonomy":"category","description":"","parent":0,"count":14,"filter":"raw","cat_ID":285,"category_count":14,"category_description":"","cat_name":"Current","category_nicename":"current","category_parent":0},{"term_id":286,"name":"Exhibitions","slug":"exhibitions","term_group":0,"term_taxonomy_id":286,"taxonomy":"category","description":"","parent":0,"count":53,"filter":"raw","cat_ID":286,"category_count":53,"category_description":"","cat_name":"Exhibitions","category_nicename":"exhibitions","category_parent":0},{"term_id":255,"name":"General","slug":"general","term_group":0,"term_taxonomy_id":255,"taxonomy":"category","description":"","parent":0,"count":9,"filter":"raw","cat_ID":255,"category_count":9,"category_description":"","cat_name":"General","category_nicename":"general","category_parent":0},{"term_id":288,"name":"Past exhibitions","slug":"past-exhibitions","term_group":0,"term_taxonomy_id":288,"taxonomy":"category","description":"","parent":0,"count":28,"filter":"raw","cat_ID":288,"category_count":28,"category_description":"","cat_name":"Past exhibitions","category_nicename":"past-exhibitions","category_parent":0}],"tag_info":[{"term_id":382,"name":"art","slug":"art-en","term_group":0,"term_taxonomy_id":382,"taxonomy":"post_tag","description":"","parent":0,"count":19,"filter":"raw"},{"term_id":375,"name":"art","slug":"art","term_group":0,"term_taxonomy_id":375,"taxonomy":"post_tag","description":"","parent":0,"count":37,"filter":"raw"},{"term_id":417,"name":"art actuel","slug":"art-actuel","term_group":0,"term_taxonomy_id":417,"taxonomy":"post_tag","description":"","parent":0,"count":50,"filter":"raw"},{"term_id":423,"name":"art actuel","slug":"art-actuel-en","term_group":0,"term_taxonomy_id":423,"taxonomy":"post_tag","description":"","parent":0,"count":26,"filter":"raw"},{"term_id":395,"name":"biennale","slug":"biennale","term_group":0,"term_taxonomy_id":395,"taxonomy":"post_tag","description":"","parent":0,"count":8,"filter":"raw"},{"term_id":398,"name":"biennale","slug":"biennale-en","term_group":0,"term_taxonomy_id":398,"taxonomy":"post_tag","description":"","parent":0,"count":3,"filter":"raw"},{"term_id":807,"name":"cachan","slug":"cachan","term_group":0,"term_taxonomy_id":807,"taxonomy":"post_tag","description":"","parent":0,"count":6,"filter":"raw"},{"term_id":810,"name":"cachan","slug":"cachan-en","term_group":0,"term_taxonomy_id":810,"taxonomy":"post_tag","description":"","parent":0,"count":2,"filter":"raw"},{"term_id":306,"name":"clothilde","slug":"clothilde","term_group":0,"term_taxonomy_id":306,"taxonomy":"post_tag","description":"","parent":0,"count":48,"filter":"raw"},{"term_id":809,"name":"enfance","slug":"enfance","term_group":0,"term_taxonomy_id":809,"taxonomy":"post_tag","description":"","parent":0,"count":4,"filter":"raw"},{"term_id":811,"name":"enfance","slug":"enfance-en","term_group":0,"term_taxonomy_id":811,"taxonomy":"post_tag","description":"","parent":0,"count":2,"filter":"raw"},{"term_id":384,"name":"exposition","slug":"exposition-en","term_group":0,"term_taxonomy_id":384,"taxonomy":"post_tag","description":"","parent":0,"count":21,"filter":"raw"},{"term_id":369,"name":"exposition","slug":"exposition","term_group":0,"term_taxonomy_id":369,"taxonomy":"post_tag","description":"","parent":0,"count":43,"filter":"raw"},{"term_id":682,"name":"foule","slug":"foule","term_group":0,"term_taxonomy_id":682,"taxonomy":"post_tag","description":"","parent":0,"count":14,"filter":"raw"},{"term_id":688,"name":"foule","slug":"foule-en","term_group":0,"term_taxonomy_id":688,"taxonomy":"post_tag","description":"","parent":0,"count":3,"filter":"raw"},{"term_id":386,"name":"huile sur toile","slug":"huile-sur-toile-en","term_group":0,"term_taxonomy_id":386,"taxonomy":"post_tag","description":"","parent":0,"count":20,"filter":"raw"},{"term_id":376,"name":"huile sur toile","slug":"huile-sur-toile","term_group":0,"term_taxonomy_id":376,"taxonomy":"post_tag","description":"","parent":0,"count":39,"filter":"raw"},{"term_id":307,"name":"lasserre","slug":"lasserre","term_group":0,"term_taxonomy_id":307,"taxonomy":"post_tag","description":"","parent":0,"count":53,"filter":"raw"},{"term_id":486,"name":"peinture","slug":"peinture-en","term_group":0,"term_taxonomy_id":486,"taxonomy":"post_tag","description":"","parent":0,"count":13,"filter":"raw"},{"term_id":416,"name":"peinture","slug":"peinture","term_group":0,"term_taxonomy_id":416,"taxonomy":"post_tag","description":"","parent":0,"count":26,"filter":"raw"}],"_links":{"self":[{"href":"https:\/\/clothildelasserre.com\/en\/wp-json\/wp\/v2\/posts\/22035","targetHints":{"allow":["GET"]}}],"collection":[{"href":"https:\/\/clothildelasserre.com\/en\/wp-json\/wp\/v2\/posts"}],"about":[{"href":"https:\/\/clothildelasserre.com\/en\/wp-json\/wp\/v2\/types\/post"}],"author":[{"embeddable":true,"href":"https:\/\/clothildelasserre.com\/en\/wp-json\/wp\/v2\/users\/1"}],"replies":[{"embeddable":true,"href":"https:\/\/clothildelasserre.com\/en\/wp-json\/wp\/v2\/comments?post=22035"}],"version-history":[{"count":0,"href":"https:\/\/clothildelasserre.com\/en\/wp-json\/wp\/v2\/posts\/22035\/revisions"}],"wp:featuredmedia":[{"embeddable":true,"href":"https:\/\/clothildelasserre.com\/en\/wp-json\/wp\/v2\/media\/22027"}],"wp:attachment":[{"href":"https:\/\/clothildelasserre.com\/en\/wp-json\/wp\/v2\/media?parent=22035"}],"wp:term":[{"taxonomy":"category","embeddable":true,"href":"https:\/\/clothildelasserre.com\/en\/wp-json\/wp\/v2\/categories?post=22035"},{"taxonomy":"post_tag","embeddable":true,"href":"https:\/\/clothildelasserre.com\/en\/wp-json\/wp\/v2\/tags?post=22035"}],"curies":[{"name":"wp","href":"https:\/\/api.w.org\/{rel}","templated":true}]}}