{"id":19282,"date":"2021-10-01T09:44:50","date_gmt":"2021-10-01T07:44:50","guid":{"rendered":"https:\/\/clothildelasserre.com\/?p=19282"},"modified":"2021-10-01T09:48:43","modified_gmt":"2021-10-01T07:48:43","slug":"parcours-helium-auffargis-2-3-et-9-10-octobre-2021","status":"publish","type":"post","link":"https:\/\/clothildelasserre.com\/en\/parcours-helium-auffargis-2-3-et-9-10-octobre-2021\/","title":{"rendered":"H\u00e9lium art trail \u2013 Auffargis \u2013 october 2-3 and 9-10  2021"},"content":{"rendered":"<p>\u00a0 October 2-3 and 9-10 from 11 a.m to 7 p.m\u00a0<\/p>\n<h3> H\u00e9lium art trail<\/h3>\n<p>\t\t\t\t\t\t\t\t\t\t\t\t<img decoding=\"async\" width=\"1810\" height=\"2560\" src=\"https:\/\/clothildelasserre.com\/wp-content\/uploads\/2021\/10\/AFFICHE-PARCOURS-HELIUM-2021-scaled.jpg\" alt=\"\" loading=\"lazy\" srcset=\"https:\/\/clothildelasserre.com\/wp-content\/uploads\/2021\/10\/AFFICHE-PARCOURS-HELIUM-2021-scaled.jpg 1810w, https:\/\/clothildelasserre.com\/wp-content\/uploads\/2021\/10\/AFFICHE-PARCOURS-HELIUM-2021-212x300.jpg 212w, https:\/\/clothildelasserre.com\/wp-content\/uploads\/2021\/10\/AFFICHE-PARCOURS-HELIUM-2021-724x1024.jpg 724w, https:\/\/clothildelasserre.com\/wp-content\/uploads\/2021\/10\/AFFICHE-PARCOURS-HELIUM-2021-768x1086.jpg 768w, https:\/\/clothildelasserre.com\/wp-content\/uploads\/2021\/10\/AFFICHE-PARCOURS-HELIUM-2021-1086x1536.jpg 1086w, https:\/\/clothildelasserre.com\/wp-content\/uploads\/2021\/10\/AFFICHE-PARCOURS-HELIUM-2021-1448x2048.jpg 1448w\" sizes=\"auto, (max-width: 1810px) 100vw, 1810px\" \/><br \/>\n\t\tI have the pleasure of being invited to two renowned glass artists Muriel Ch\u00e9n\u00e9 and Cyrille Monin at the Manoir des Arts in Auffargis.Come and discover my works, oils and ceramics, around the human bond<br \/>\n\t\t\t\t\t\t\t\t\t\t\t\t<img decoding=\"async\" width=\"2560\" height=\"2541\" src=\"https:\/\/clothildelasserre.com\/wp-content\/uploads\/2021\/04\/Across-110-110-Huile-sur-medium-2021-\u00a9adagp-paris-Lasserre-web-scaled.jpg\" alt=\"\" loading=\"lazy\" srcset=\"https:\/\/clothildelasserre.com\/wp-content\/uploads\/2021\/04\/Across-110-110-Huile-sur-medium-2021-\u00a9adagp-paris-Lasserre-web-scaled.jpg 2560w, https:\/\/clothildelasserre.com\/wp-content\/uploads\/2021\/04\/Across-110-110-Huile-sur-medium-2021-\u00a9adagp-paris-Lasserre-web-300x298.jpg 300w, https:\/\/clothildelasserre.com\/wp-content\/uploads\/2021\/04\/Across-110-110-Huile-sur-medium-2021-\u00a9adagp-paris-Lasserre-web-1024x1016.jpg 1024w, https:\/\/clothildelasserre.com\/wp-content\/uploads\/2021\/04\/Across-110-110-Huile-sur-medium-2021-\u00a9adagp-paris-Lasserre-web-150x150.jpg 150w, https:\/\/clothildelasserre.com\/wp-content\/uploads\/2021\/04\/Across-110-110-Huile-sur-medium-2021-\u00a9adagp-paris-Lasserre-web-768x762.jpg 768w, https:\/\/clothildelasserre.com\/wp-content\/uploads\/2021\/04\/Across-110-110-Huile-sur-medium-2021-\u00a9adagp-paris-Lasserre-web-1536x1524.jpg 1536w, https:\/\/clothildelasserre.com\/wp-content\/uploads\/2021\/04\/Across-110-110-Huile-sur-medium-2021-\u00a9adagp-paris-Lasserre-web-2048x2033.jpg 2048w\" sizes=\"auto, (max-width: 2560px) 100vw, 2560px\" \/>\t\t\t\t\t\t\t\t\t\t\t\t\t\t<\/p>\n<h4>Find the program<\/h4>\n<p>\t\t\t<a href=\"https:\/\/clothildelasserre.com\/wp-content\/uploads\/2021\/10\/Brochure-17eme-Parcours-He\u0301lium-modifiee.pdf\" target=\"_blank\" role=\"button\" rel=\"noopener\"><br \/>\n\t\t\t\t\t\tParcours H\u00e9lium 2021<br \/>\n\t\t\t\t\t<\/a><br \/>\n\t\t\t\t\t\t\t\t\t\t\t\t\t\t\t\tPartager sur facebook<br \/>\n\t\t\t\t\t\t\t\t\t\tFacebook<br \/>\n\t\t\t\t\t\t\t\t\t\t\t\t\t\t\t\tPartager sur twitter<br \/>\n\t\t\t\t\t\t\t\t\t\tTwitter<br \/>\n\t\t\t\t\t\t\t\t\t\t\t\t\t\t\t\tPartager sur linkedin<br \/>\n\t\t\t\t\t\t\t\t\t\tLinkedIn<\/p>\n","protected":false},"excerpt":{"rendered":"<p>Retrouvez mes \u0153uvres au Manoir des Arts \u00e0 Auffargis et d\u00e9couvrez le travail de Muriel Ch\u00e9n\u00e9 et Cyrille Monin dans le cadre du parcours H\u00e9lium les 2-3 et 9-10 octobre 2021<\/p>\n","protected":false},"author":1,"featured_media":19167,"comment_status":"closed","ping_status":"closed","sticky":false,"template":"","format":"standard","meta":{"_acf_changed":false,"_gspb_post_css":"","_kad_blocks_custom_css":"","_kad_blocks_head_custom_js":"","_kad_blocks_body_custom_js":"","_kad_blocks_footer_custom_js":"","_kadence_starter_templates_imported_post":false,"_kad_post_transparent":"","_kad_post_title":"","_kad_post_layout":"","_kad_post_sidebar_id":"","_kad_post_content_style":"","_kad_post_vertical_padding":"","_kad_post_feature":"","_kad_post_feature_position":"","_kad_post_header":false,"_kad_post_footer":false,"_kad_post_classname":"","footnotes":""},"categories":[286,288],"tags":[504,476,486,507],"class_list":["post-19282","post","type-post","status-publish","format-standard","has-post-thumbnail","hentry","category-exhibitions","category-past-exhibitions","tag-clothilde-lasserre-en","tag-parcours-dart-en","tag-peinture-en","tag-sculpture-en"],"acf":[],"yoast_head":"<!-- This site is optimized with the Yoast SEO plugin v26.8 - https:\/\/yoast.com\/product\/yoast-seo-wordpress\/ -->\n<title>H\u00e9lium art trail \u2013 Auffargis \u2013 october 2-3 and 9-10 2021 - Clothilde Lasserre<\/title>\n<meta name=\"robots\" content=\"index, follow, max-snippet:-1, max-image-preview:large, max-video-preview:-1\" \/>\n<link rel=\"canonical\" href=\"https:\/\/clothildelasserre.com\/en\/parcours-helium-auffargis-2-3-et-9-10-octobre-2021\/\" \/>\n<meta property=\"og:locale\" content=\"en_US\" \/>\n<meta property=\"og:type\" content=\"article\" \/>\n<meta property=\"og:title\" content=\"H\u00e9lium art trail \u2013 Auffargis \u2013 october 2-3 and 9-10 2021 - Clothilde Lasserre\" \/>\n<meta property=\"og:description\" content=\"Retrouvez mes \u0153uvres au Manoir des Arts \u00e0 Auffargis et d\u00e9couvrez le travail de Muriel Ch\u00e9n\u00e9 et Cyrille Monin dans le cadre du parcours H\u00e9lium les 2-3 et 9-10 octobre 2021\" \/>\n<meta property=\"og:url\" content=\"https:\/\/clothildelasserre.com\/en\/parcours-helium-auffargis-2-3-et-9-10-octobre-2021\/\" \/>\n<meta property=\"og:site_name\" content=\"Clothilde Lasserre\" \/>\n<meta property=\"article:publisher\" content=\"https:\/\/fr-fr.facebook.com\/clothildelasserreartistepeintre\/\" \/>\n<meta property=\"article:published_time\" content=\"2021-10-01T07:44:50+00:00\" \/>\n<meta property=\"article:modified_time\" content=\"2021-10-01T07:48:43+00:00\" \/>\n<meta property=\"og:image\" content=\"https:\/\/clothildelasserre.com\/wp-content\/uploads\/2021\/10\/AFFICHE-PARCOURS-HELIUM-2021-bandeau.jpg\" \/>\n\t<meta property=\"og:image:width\" content=\"2456\" \/>\n\t<meta property=\"og:image:height\" content=\"1518\" \/>\n\t<meta property=\"og:image:type\" content=\"image\/jpeg\" \/>\n<meta name=\"author\" content=\"Clothilde Lasserre\" \/>\n<meta name=\"twitter:card\" content=\"summary_large_image\" \/>\n<meta name=\"twitter:creator\" content=\"@clolasserre\" \/>\n<meta name=\"twitter:site\" content=\"@clolasserre\" \/>\n<meta name=\"twitter:label1\" content=\"Written by\" \/>\n\t<meta name=\"twitter:data1\" content=\"Clothilde Lasserre\" \/>\n<script type=\"application\/ld+json\" class=\"yoast-schema-graph\">{\"@context\":\"https:\/\/schema.org\",\"@graph\":[{\"@type\":\"Article\",\"@id\":\"https:\/\/clothildelasserre.com\/en\/parcours-helium-auffargis-2-3-et-9-10-octobre-2021\/#article\",\"isPartOf\":{\"@id\":\"https:\/\/clothildelasserre.com\/en\/parcours-helium-auffargis-2-3-et-9-10-octobre-2021\/\"},\"author\":{\"name\":\"Clothilde Lasserre\",\"@id\":\"https:\/\/clothildelasserre.com\/#\/schema\/person\/0933af825f73a20ee2987ca96fa3b1bd\"},\"headline\":\"H\u00e9lium art trail \u2013 Auffargis \u2013 october 2-3 and 9-10 2021\",\"datePublished\":\"2021-10-01T07:44:50+00:00\",\"dateModified\":\"2021-10-01T07:48:43+00:00\",\"mainEntityOfPage\":{\"@id\":\"https:\/\/clothildelasserre.com\/en\/parcours-helium-auffargis-2-3-et-9-10-octobre-2021\/\"},\"wordCount\":78,\"publisher\":{\"@id\":\"https:\/\/clothildelasserre.com\/#organization\"},\"image\":{\"@id\":\"https:\/\/clothildelasserre.com\/en\/parcours-helium-auffargis-2-3-et-9-10-octobre-2021\/#primaryimage\"},\"thumbnailUrl\":\"https:\/\/clothildelasserre.com\/wp-content\/uploads\/2021\/10\/AFFICHE-PARCOURS-HELIUM-2021-bandeau.jpg\",\"keywords\":[\"clothilde lasserre\",\"parcours d&#8217;art\",\"peinture\",\"sculpture\"],\"articleSection\":[\"Exhibitions\",\"Past exhibitions\"],\"inLanguage\":\"en-US\"},{\"@type\":\"WebPage\",\"@id\":\"https:\/\/clothildelasserre.com\/en\/parcours-helium-auffargis-2-3-et-9-10-octobre-2021\/\",\"url\":\"https:\/\/clothildelasserre.com\/en\/parcours-helium-auffargis-2-3-et-9-10-octobre-2021\/\",\"name\":\"H\u00e9lium art trail \u2013 Auffargis \u2013 october 2-3 and 9-10 2021 - Clothilde Lasserre\",\"isPartOf\":{\"@id\":\"https:\/\/clothildelasserre.com\/#website\"},\"primaryImageOfPage\":{\"@id\":\"https:\/\/clothildelasserre.com\/en\/parcours-helium-auffargis-2-3-et-9-10-octobre-2021\/#primaryimage\"},\"image\":{\"@id\":\"https:\/\/clothildelasserre.com\/en\/parcours-helium-auffargis-2-3-et-9-10-octobre-2021\/#primaryimage\"},\"thumbnailUrl\":\"https:\/\/clothildelasserre.com\/wp-content\/uploads\/2021\/10\/AFFICHE-PARCOURS-HELIUM-2021-bandeau.jpg\",\"datePublished\":\"2021-10-01T07:44:50+00:00\",\"dateModified\":\"2021-10-01T07:48:43+00:00\",\"breadcrumb\":{\"@id\":\"https:\/\/clothildelasserre.com\/en\/parcours-helium-auffargis-2-3-et-9-10-octobre-2021\/#breadcrumb\"},\"inLanguage\":\"en-US\",\"potentialAction\":[{\"@type\":\"ReadAction\",\"target\":[\"https:\/\/clothildelasserre.com\/en\/parcours-helium-auffargis-2-3-et-9-10-octobre-2021\/\"]}]},{\"@type\":\"ImageObject\",\"inLanguage\":\"en-US\",\"@id\":\"https:\/\/clothildelasserre.com\/en\/parcours-helium-auffargis-2-3-et-9-10-octobre-2021\/#primaryimage\",\"url\":\"https:\/\/clothildelasserre.com\/wp-content\/uploads\/2021\/10\/AFFICHE-PARCOURS-HELIUM-2021-bandeau.jpg\",\"contentUrl\":\"https:\/\/clothildelasserre.com\/wp-content\/uploads\/2021\/10\/AFFICHE-PARCOURS-HELIUM-2021-bandeau.jpg\",\"width\":2456,\"height\":1518},{\"@type\":\"BreadcrumbList\",\"@id\":\"https:\/\/clothildelasserre.com\/en\/parcours-helium-auffargis-2-3-et-9-10-octobre-2021\/#breadcrumb\",\"itemListElement\":[{\"@type\":\"ListItem\",\"position\":1,\"name\":\"Accueil\",\"item\":\"https:\/\/clothildelasserre.com\/en\/\"},{\"@type\":\"ListItem\",\"position\":2,\"name\":\"H\u00e9lium art trail \u2013 Auffargis \u2013 october 2-3 and 9-10 2021\"}]},{\"@type\":\"WebSite\",\"@id\":\"https:\/\/clothildelasserre.com\/#website\",\"url\":\"https:\/\/clothildelasserre.com\/\",\"name\":\"Clothilde Lasserre\",\"description\":\"Artiste - France\",\"publisher\":{\"@id\":\"https:\/\/clothildelasserre.com\/#organization\"},\"potentialAction\":[{\"@type\":\"SearchAction\",\"target\":{\"@type\":\"EntryPoint\",\"urlTemplate\":\"https:\/\/clothildelasserre.com\/?s={search_term_string}\"},\"query-input\":{\"@type\":\"PropertyValueSpecification\",\"valueRequired\":true,\"valueName\":\"search_term_string\"}}],\"inLanguage\":\"en-US\"},{\"@type\":\"Organization\",\"@id\":\"https:\/\/clothildelasserre.com\/#organization\",\"name\":\"Clothilde Lasserre\",\"url\":\"https:\/\/clothildelasserre.com\/\",\"logo\":{\"@type\":\"ImageObject\",\"inLanguage\":\"en-US\",\"@id\":\"https:\/\/clothildelasserre.com\/#\/schema\/logo\/image\/\",\"url\":\"https:\/\/clothildelasserre.com\/wp-content\/uploads\/2024\/09\/Clothilde-Lasserre-logo-retina.png\",\"contentUrl\":\"https:\/\/clothildelasserre.com\/wp-content\/uploads\/2024\/09\/Clothilde-Lasserre-logo-retina.png\",\"width\":440,\"height\":246,\"caption\":\"Clothilde Lasserre\"},\"image\":{\"@id\":\"https:\/\/clothildelasserre.com\/#\/schema\/logo\/image\/\"},\"sameAs\":[\"https:\/\/fr-fr.facebook.com\/clothildelasserreartistepeintre\/\",\"https:\/\/x.com\/clolasserre\",\"https:\/\/www.instagram.com\/clothilde_lasserre_artist\/\"]},{\"@type\":\"Person\",\"@id\":\"https:\/\/clothildelasserre.com\/#\/schema\/person\/0933af825f73a20ee2987ca96fa3b1bd\",\"name\":\"Clothilde Lasserre\"}]}<\/script>\n<!-- \/ Yoast SEO plugin. -->","yoast_head_json":{"title":"H\u00e9lium art trail \u2013 Auffargis \u2013 october 2-3 and 9-10 2021 - Clothilde Lasserre","robots":{"index":"index","follow":"follow","max-snippet":"max-snippet:-1","max-image-preview":"max-image-preview:large","max-video-preview":"max-video-preview:-1"},"canonical":"https:\/\/clothildelasserre.com\/en\/parcours-helium-auffargis-2-3-et-9-10-octobre-2021\/","og_locale":"en_US","og_type":"article","og_title":"H\u00e9lium art trail \u2013 Auffargis \u2013 october 2-3 and 9-10 2021 - Clothilde Lasserre","og_description":"Retrouvez mes \u0153uvres au Manoir des Arts \u00e0 Auffargis et d\u00e9couvrez le travail de Muriel Ch\u00e9n\u00e9 et Cyrille Monin dans le cadre du parcours H\u00e9lium les 2-3 et 9-10 octobre 2021","og_url":"https:\/\/clothildelasserre.com\/en\/parcours-helium-auffargis-2-3-et-9-10-octobre-2021\/","og_site_name":"Clothilde Lasserre","article_publisher":"https:\/\/fr-fr.facebook.com\/clothildelasserreartistepeintre\/","article_published_time":"2021-10-01T07:44:50+00:00","article_modified_time":"2021-10-01T07:48:43+00:00","og_image":[{"width":2456,"height":1518,"url":"https:\/\/clothildelasserre.com\/wp-content\/uploads\/2021\/10\/AFFICHE-PARCOURS-HELIUM-2021-bandeau.jpg","type":"image\/jpeg"}],"author":"Clothilde Lasserre","twitter_card":"summary_large_image","twitter_creator":"@clolasserre","twitter_site":"@clolasserre","twitter_misc":{"Written by":"Clothilde Lasserre"},"schema":{"@context":"https:\/\/schema.org","@graph":[{"@type":"Article","@id":"https:\/\/clothildelasserre.com\/en\/parcours-helium-auffargis-2-3-et-9-10-octobre-2021\/#article","isPartOf":{"@id":"https:\/\/clothildelasserre.com\/en\/parcours-helium-auffargis-2-3-et-9-10-octobre-2021\/"},"author":{"name":"Clothilde Lasserre","@id":"https:\/\/clothildelasserre.com\/#\/schema\/person\/0933af825f73a20ee2987ca96fa3b1bd"},"headline":"H\u00e9lium art trail \u2013 Auffargis \u2013 october 2-3 and 9-10 2021","datePublished":"2021-10-01T07:44:50+00:00","dateModified":"2021-10-01T07:48:43+00:00","mainEntityOfPage":{"@id":"https:\/\/clothildelasserre.com\/en\/parcours-helium-auffargis-2-3-et-9-10-octobre-2021\/"},"wordCount":78,"publisher":{"@id":"https:\/\/clothildelasserre.com\/#organization"},"image":{"@id":"https:\/\/clothildelasserre.com\/en\/parcours-helium-auffargis-2-3-et-9-10-octobre-2021\/#primaryimage"},"thumbnailUrl":"https:\/\/clothildelasserre.com\/wp-content\/uploads\/2021\/10\/AFFICHE-PARCOURS-HELIUM-2021-bandeau.jpg","keywords":["clothilde lasserre","parcours d&#8217;art","peinture","sculpture"],"articleSection":["Exhibitions","Past exhibitions"],"inLanguage":"en-US"},{"@type":"WebPage","@id":"https:\/\/clothildelasserre.com\/en\/parcours-helium-auffargis-2-3-et-9-10-octobre-2021\/","url":"https:\/\/clothildelasserre.com\/en\/parcours-helium-auffargis-2-3-et-9-10-octobre-2021\/","name":"H\u00e9lium art trail \u2013 Auffargis \u2013 october 2-3 and 9-10 2021 - Clothilde Lasserre","isPartOf":{"@id":"https:\/\/clothildelasserre.com\/#website"},"primaryImageOfPage":{"@id":"https:\/\/clothildelasserre.com\/en\/parcours-helium-auffargis-2-3-et-9-10-octobre-2021\/#primaryimage"},"image":{"@id":"https:\/\/clothildelasserre.com\/en\/parcours-helium-auffargis-2-3-et-9-10-octobre-2021\/#primaryimage"},"thumbnailUrl":"https:\/\/clothildelasserre.com\/wp-content\/uploads\/2021\/10\/AFFICHE-PARCOURS-HELIUM-2021-bandeau.jpg","datePublished":"2021-10-01T07:44:50+00:00","dateModified":"2021-10-01T07:48:43+00:00","breadcrumb":{"@id":"https:\/\/clothildelasserre.com\/en\/parcours-helium-auffargis-2-3-et-9-10-octobre-2021\/#breadcrumb"},"inLanguage":"en-US","potentialAction":[{"@type":"ReadAction","target":["https:\/\/clothildelasserre.com\/en\/parcours-helium-auffargis-2-3-et-9-10-octobre-2021\/"]}]},{"@type":"ImageObject","inLanguage":"en-US","@id":"https:\/\/clothildelasserre.com\/en\/parcours-helium-auffargis-2-3-et-9-10-octobre-2021\/#primaryimage","url":"https:\/\/clothildelasserre.com\/wp-content\/uploads\/2021\/10\/AFFICHE-PARCOURS-HELIUM-2021-bandeau.jpg","contentUrl":"https:\/\/clothildelasserre.com\/wp-content\/uploads\/2021\/10\/AFFICHE-PARCOURS-HELIUM-2021-bandeau.jpg","width":2456,"height":1518},{"@type":"BreadcrumbList","@id":"https:\/\/clothildelasserre.com\/en\/parcours-helium-auffargis-2-3-et-9-10-octobre-2021\/#breadcrumb","itemListElement":[{"@type":"ListItem","position":1,"name":"Accueil","item":"https:\/\/clothildelasserre.com\/en\/"},{"@type":"ListItem","position":2,"name":"H\u00e9lium art trail \u2013 Auffargis \u2013 october 2-3 and 9-10 2021"}]},{"@type":"WebSite","@id":"https:\/\/clothildelasserre.com\/#website","url":"https:\/\/clothildelasserre.com\/","name":"Clothilde Lasserre","description":"Artiste - France","publisher":{"@id":"https:\/\/clothildelasserre.com\/#organization"},"potentialAction":[{"@type":"SearchAction","target":{"@type":"EntryPoint","urlTemplate":"https:\/\/clothildelasserre.com\/?s={search_term_string}"},"query-input":{"@type":"PropertyValueSpecification","valueRequired":true,"valueName":"search_term_string"}}],"inLanguage":"en-US"},{"@type":"Organization","@id":"https:\/\/clothildelasserre.com\/#organization","name":"Clothilde Lasserre","url":"https:\/\/clothildelasserre.com\/","logo":{"@type":"ImageObject","inLanguage":"en-US","@id":"https:\/\/clothildelasserre.com\/#\/schema\/logo\/image\/","url":"https:\/\/clothildelasserre.com\/wp-content\/uploads\/2024\/09\/Clothilde-Lasserre-logo-retina.png","contentUrl":"https:\/\/clothildelasserre.com\/wp-content\/uploads\/2024\/09\/Clothilde-Lasserre-logo-retina.png","width":440,"height":246,"caption":"Clothilde Lasserre"},"image":{"@id":"https:\/\/clothildelasserre.com\/#\/schema\/logo\/image\/"},"sameAs":["https:\/\/fr-fr.facebook.com\/clothildelasserreartistepeintre\/","https:\/\/x.com\/clolasserre","https:\/\/www.instagram.com\/clothilde_lasserre_artist\/"]},{"@type":"Person","@id":"https:\/\/clothildelasserre.com\/#\/schema\/person\/0933af825f73a20ee2987ca96fa3b1bd","name":"Clothilde Lasserre"}]}},"taxonomy_info":{"category":[{"value":286,"label":"Exhibitions"},{"value":288,"label":"Past exhibitions"}],"post_tag":[{"value":504,"label":"clothilde lasserre"},{"value":476,"label":"parcours d&#8217;art"},{"value":486,"label":"peinture"},{"value":507,"label":"sculpture"}]},"featured_image_src_large":["https:\/\/clothildelasserre.com\/wp-content\/uploads\/2021\/10\/AFFICHE-PARCOURS-HELIUM-2021-bandeau-1024x633.jpg",1024,633,true],"author_info":{"display_name":"Clothilde Lasserre","author_link":"https:\/\/clothildelasserre.com\/en\/author\/clo\/"},"comment_info":0,"category_info":[{"term_id":286,"name":"Exhibitions","slug":"exhibitions","term_group":0,"term_taxonomy_id":286,"taxonomy":"category","description":"","parent":0,"count":53,"filter":"raw","cat_ID":286,"category_count":53,"category_description":"","cat_name":"Exhibitions","category_nicename":"exhibitions","category_parent":0},{"term_id":288,"name":"Past exhibitions","slug":"past-exhibitions","term_group":0,"term_taxonomy_id":288,"taxonomy":"category","description":"","parent":0,"count":28,"filter":"raw","cat_ID":288,"category_count":28,"category_description":"","cat_name":"Past exhibitions","category_nicename":"past-exhibitions","category_parent":0}],"tag_info":[{"term_id":504,"name":"clothilde lasserre","slug":"clothilde-lasserre-en","term_group":0,"term_taxonomy_id":504,"taxonomy":"post_tag","description":"","parent":0,"count":9,"filter":"raw"},{"term_id":476,"name":"parcours d&#8217;art","slug":"parcours-dart-en","term_group":0,"term_taxonomy_id":476,"taxonomy":"post_tag","description":"","parent":0,"count":4,"filter":"raw"},{"term_id":486,"name":"peinture","slug":"peinture-en","term_group":0,"term_taxonomy_id":486,"taxonomy":"post_tag","description":"","parent":0,"count":13,"filter":"raw"},{"term_id":507,"name":"sculpture","slug":"sculpture-en","term_group":0,"term_taxonomy_id":507,"taxonomy":"post_tag","description":"","parent":0,"count":18,"filter":"raw"}],"_links":{"self":[{"href":"https:\/\/clothildelasserre.com\/en\/wp-json\/wp\/v2\/posts\/19282","targetHints":{"allow":["GET"]}}],"collection":[{"href":"https:\/\/clothildelasserre.com\/en\/wp-json\/wp\/v2\/posts"}],"about":[{"href":"https:\/\/clothildelasserre.com\/en\/wp-json\/wp\/v2\/types\/post"}],"author":[{"embeddable":true,"href":"https:\/\/clothildelasserre.com\/en\/wp-json\/wp\/v2\/users\/1"}],"replies":[{"embeddable":true,"href":"https:\/\/clothildelasserre.com\/en\/wp-json\/wp\/v2\/comments?post=19282"}],"version-history":[{"count":0,"href":"https:\/\/clothildelasserre.com\/en\/wp-json\/wp\/v2\/posts\/19282\/revisions"}],"wp:featuredmedia":[{"embeddable":true,"href":"https:\/\/clothildelasserre.com\/en\/wp-json\/wp\/v2\/media\/19167"}],"wp:attachment":[{"href":"https:\/\/clothildelasserre.com\/en\/wp-json\/wp\/v2\/media?parent=19282"}],"wp:term":[{"taxonomy":"category","embeddable":true,"href":"https:\/\/clothildelasserre.com\/en\/wp-json\/wp\/v2\/categories?post=19282"},{"taxonomy":"post_tag","embeddable":true,"href":"https:\/\/clothildelasserre.com\/en\/wp-json\/wp\/v2\/tags?post=19282"}],"curies":[{"name":"wp","href":"https:\/\/api.w.org\/{rel}","templated":true}]}}