{"id":13077,"date":"2018-09-15T14:48:34","date_gmt":"2018-09-15T12:48:34","guid":{"rendered":"https:\/\/clothildelasserre.com\/\/portes-ouvertes-atelier\/"},"modified":"2020-12-24T12:09:32","modified_gmt":"2020-12-24T11:09:32","slug":"open-house-days-at-the-artist-studio","status":"publish","type":"post","link":"https:\/\/clothildelasserre.com\/en\/open-house-days-at-the-artist-studio\/","title":{"rendered":"\u25fc Open House Days at the artist studio \u25fc"},"content":{"rendered":"<h4 class=\"vc_custom_heading\">Portes ouvertes de mon atelier<br \/>\nles 22&amp;23 septembre de 14h \u00e0 19h<\/h4>\n<p>Venez d\u00e9couvrir mes derni\u00e8res r\u00e9alisations : huiles sur toile, tableau en porcelaine, c\u00e9ramiques<\/p>\n<p>et cette ann\u00e9e, j&#8217;ai le plaisir de vous faire d\u00e9couvrir un peintre talentueux : Fabien Jouanneau<\/p>\n<p>Retrouvez moi sur le plan de Croissy au num\u00e9ro 11 : <a href=\"https:\/\/clothildelasserre.com\/\/news3\/wp-content\/uploads\/2018\/09\/JPO_PDF_WEB.pdf\" target=\"_blank\" rel=\"noopener noreferrer\">JPO_PDF_WEB<\/a><\/p>\n","protected":false},"excerpt":{"rendered":"<p>Portes ouvertes de mon atelier les 22&#038;23 septembre de 14h \u00e0 19h. Venez d\u00e9couvrir mes derni\u00e8res r\u00e9alisations : huiles sur toile, tableau en porcelaine, c\u00e9ramiques<\/p>\n","protected":false},"author":1,"featured_media":12076,"comment_status":"closed","ping_status":"closed","sticky":false,"template":"","format":"standard","meta":{"_acf_changed":false,"_gspb_post_css":"","_kad_blocks_custom_css":"","_kad_blocks_head_custom_js":"","_kad_blocks_body_custom_js":"","_kad_blocks_footer_custom_js":"","_kadence_starter_templates_imported_post":false,"_kad_post_transparent":"","_kad_post_title":"","_kad_post_layout":"","_kad_post_sidebar_id":"","_kad_post_content_style":"","_kad_post_vertical_padding":"","_kad_post_feature":"","_kad_post_feature_position":"","_kad_post_header":false,"_kad_post_footer":false,"_kad_post_classname":"","footnotes":""},"categories":[286],"tags":[],"class_list":["post-13077","post","type-post","status-publish","format-standard","has-post-thumbnail","hentry","category-exhibitions"],"acf":[],"yoast_head":"<!-- This site is optimized with the Yoast SEO plugin v26.8 - https:\/\/yoast.com\/product\/yoast-seo-wordpress\/ -->\n<title>\u25fc Open House Days at the artist studio \u25fc - Clothilde Lasserre<\/title>\n<meta name=\"robots\" content=\"index, follow, max-snippet:-1, max-image-preview:large, max-video-preview:-1\" \/>\n<link rel=\"canonical\" href=\"https:\/\/clothildelasserre.com\/en\/open-house-days-at-the-artist-studio\/\" \/>\n<meta property=\"og:locale\" content=\"en_US\" \/>\n<meta property=\"og:type\" content=\"article\" \/>\n<meta property=\"og:title\" content=\"\u25fc Open House Days at the artist studio \u25fc - Clothilde Lasserre\" \/>\n<meta property=\"og:description\" content=\"Portes ouvertes de mon atelier les 22&amp;23 septembre de 14h \u00e0 19h. Venez d\u00e9couvrir mes derni\u00e8res r\u00e9alisations : huiles sur toile, tableau en porcelaine, c\u00e9ramiques\" \/>\n<meta property=\"og:url\" content=\"https:\/\/clothildelasserre.com\/en\/open-house-days-at-the-artist-studio\/\" \/>\n<meta property=\"og:site_name\" content=\"Clothilde Lasserre\" \/>\n<meta property=\"article:publisher\" content=\"https:\/\/fr-fr.facebook.com\/clothildelasserreartistepeintre\/\" \/>\n<meta property=\"article:published_time\" content=\"2018-09-15T12:48:34+00:00\" \/>\n<meta property=\"article:modified_time\" content=\"2020-12-24T11:09:32+00:00\" \/>\n<meta property=\"og:image\" content=\"https:\/\/clothildelasserre.com\/wp-content\/uploads\/2018\/09\/Portes_Ouvertes_2018_featured.jpg\" \/>\n\t<meta property=\"og:image:width\" content=\"760\" \/>\n\t<meta property=\"og:image:height\" content=\"483\" \/>\n\t<meta property=\"og:image:type\" content=\"image\/jpeg\" \/>\n<meta name=\"author\" content=\"Clothilde Lasserre\" \/>\n<meta name=\"twitter:card\" content=\"summary_large_image\" \/>\n<meta name=\"twitter:creator\" content=\"@clolasserre\" \/>\n<meta name=\"twitter:site\" content=\"@clolasserre\" \/>\n<meta name=\"twitter:label1\" content=\"Written by\" \/>\n\t<meta name=\"twitter:data1\" content=\"Clothilde Lasserre\" \/>\n<script type=\"application\/ld+json\" class=\"yoast-schema-graph\">{\"@context\":\"https:\/\/schema.org\",\"@graph\":[{\"@type\":\"Article\",\"@id\":\"https:\/\/clothildelasserre.com\/en\/open-house-days-at-the-artist-studio\/#article\",\"isPartOf\":{\"@id\":\"https:\/\/clothildelasserre.com\/en\/open-house-days-at-the-artist-studio\/\"},\"author\":{\"name\":\"Clothilde Lasserre\",\"@id\":\"https:\/\/clothildelasserre.com\/#\/schema\/person\/0933af825f73a20ee2987ca96fa3b1bd\"},\"headline\":\"\u25fc Open House Days at the artist studio \u25fc\",\"datePublished\":\"2018-09-15T12:48:34+00:00\",\"dateModified\":\"2020-12-24T11:09:32+00:00\",\"mainEntityOfPage\":{\"@id\":\"https:\/\/clothildelasserre.com\/en\/open-house-days-at-the-artist-studio\/\"},\"wordCount\":65,\"publisher\":{\"@id\":\"https:\/\/clothildelasserre.com\/#organization\"},\"image\":{\"@id\":\"https:\/\/clothildelasserre.com\/en\/open-house-days-at-the-artist-studio\/#primaryimage\"},\"thumbnailUrl\":\"https:\/\/clothildelasserre.com\/wp-content\/uploads\/2018\/09\/Portes_Ouvertes_2018_featured.jpg\",\"articleSection\":[\"Exhibitions\"],\"inLanguage\":\"en-US\"},{\"@type\":\"WebPage\",\"@id\":\"https:\/\/clothildelasserre.com\/en\/open-house-days-at-the-artist-studio\/\",\"url\":\"https:\/\/clothildelasserre.com\/en\/open-house-days-at-the-artist-studio\/\",\"name\":\"\u25fc Open House Days at the artist studio \u25fc - Clothilde Lasserre\",\"isPartOf\":{\"@id\":\"https:\/\/clothildelasserre.com\/#website\"},\"primaryImageOfPage\":{\"@id\":\"https:\/\/clothildelasserre.com\/en\/open-house-days-at-the-artist-studio\/#primaryimage\"},\"image\":{\"@id\":\"https:\/\/clothildelasserre.com\/en\/open-house-days-at-the-artist-studio\/#primaryimage\"},\"thumbnailUrl\":\"https:\/\/clothildelasserre.com\/wp-content\/uploads\/2018\/09\/Portes_Ouvertes_2018_featured.jpg\",\"datePublished\":\"2018-09-15T12:48:34+00:00\",\"dateModified\":\"2020-12-24T11:09:32+00:00\",\"breadcrumb\":{\"@id\":\"https:\/\/clothildelasserre.com\/en\/open-house-days-at-the-artist-studio\/#breadcrumb\"},\"inLanguage\":\"en-US\",\"potentialAction\":[{\"@type\":\"ReadAction\",\"target\":[\"https:\/\/clothildelasserre.com\/en\/open-house-days-at-the-artist-studio\/\"]}]},{\"@type\":\"ImageObject\",\"inLanguage\":\"en-US\",\"@id\":\"https:\/\/clothildelasserre.com\/en\/open-house-days-at-the-artist-studio\/#primaryimage\",\"url\":\"https:\/\/clothildelasserre.com\/wp-content\/uploads\/2018\/09\/Portes_Ouvertes_2018_featured.jpg\",\"contentUrl\":\"https:\/\/clothildelasserre.com\/wp-content\/uploads\/2018\/09\/Portes_Ouvertes_2018_featured.jpg\",\"width\":760,\"height\":483},{\"@type\":\"BreadcrumbList\",\"@id\":\"https:\/\/clothildelasserre.com\/en\/open-house-days-at-the-artist-studio\/#breadcrumb\",\"itemListElement\":[{\"@type\":\"ListItem\",\"position\":1,\"name\":\"Accueil\",\"item\":\"https:\/\/clothildelasserre.com\/en\/\"},{\"@type\":\"ListItem\",\"position\":2,\"name\":\"\u25fc Open House Days at the artist studio \u25fc\"}]},{\"@type\":\"WebSite\",\"@id\":\"https:\/\/clothildelasserre.com\/#website\",\"url\":\"https:\/\/clothildelasserre.com\/\",\"name\":\"Clothilde Lasserre\",\"description\":\"Artiste - France\",\"publisher\":{\"@id\":\"https:\/\/clothildelasserre.com\/#organization\"},\"potentialAction\":[{\"@type\":\"SearchAction\",\"target\":{\"@type\":\"EntryPoint\",\"urlTemplate\":\"https:\/\/clothildelasserre.com\/?s={search_term_string}\"},\"query-input\":{\"@type\":\"PropertyValueSpecification\",\"valueRequired\":true,\"valueName\":\"search_term_string\"}}],\"inLanguage\":\"en-US\"},{\"@type\":\"Organization\",\"@id\":\"https:\/\/clothildelasserre.com\/#organization\",\"name\":\"Clothilde Lasserre\",\"url\":\"https:\/\/clothildelasserre.com\/\",\"logo\":{\"@type\":\"ImageObject\",\"inLanguage\":\"en-US\",\"@id\":\"https:\/\/clothildelasserre.com\/#\/schema\/logo\/image\/\",\"url\":\"https:\/\/clothildelasserre.com\/wp-content\/uploads\/2024\/09\/Clothilde-Lasserre-logo-retina.png\",\"contentUrl\":\"https:\/\/clothildelasserre.com\/wp-content\/uploads\/2024\/09\/Clothilde-Lasserre-logo-retina.png\",\"width\":440,\"height\":246,\"caption\":\"Clothilde Lasserre\"},\"image\":{\"@id\":\"https:\/\/clothildelasserre.com\/#\/schema\/logo\/image\/\"},\"sameAs\":[\"https:\/\/fr-fr.facebook.com\/clothildelasserreartistepeintre\/\",\"https:\/\/x.com\/clolasserre\",\"https:\/\/www.instagram.com\/clothilde_lasserre_artist\/\"]},{\"@type\":\"Person\",\"@id\":\"https:\/\/clothildelasserre.com\/#\/schema\/person\/0933af825f73a20ee2987ca96fa3b1bd\",\"name\":\"Clothilde Lasserre\"}]}<\/script>\n<!-- \/ Yoast SEO plugin. -->","yoast_head_json":{"title":"\u25fc Open House Days at the artist studio \u25fc - Clothilde Lasserre","robots":{"index":"index","follow":"follow","max-snippet":"max-snippet:-1","max-image-preview":"max-image-preview:large","max-video-preview":"max-video-preview:-1"},"canonical":"https:\/\/clothildelasserre.com\/en\/open-house-days-at-the-artist-studio\/","og_locale":"en_US","og_type":"article","og_title":"\u25fc Open House Days at the artist studio \u25fc - Clothilde Lasserre","og_description":"Portes ouvertes de mon atelier les 22&23 septembre de 14h \u00e0 19h. Venez d\u00e9couvrir mes derni\u00e8res r\u00e9alisations : huiles sur toile, tableau en porcelaine, c\u00e9ramiques","og_url":"https:\/\/clothildelasserre.com\/en\/open-house-days-at-the-artist-studio\/","og_site_name":"Clothilde Lasserre","article_publisher":"https:\/\/fr-fr.facebook.com\/clothildelasserreartistepeintre\/","article_published_time":"2018-09-15T12:48:34+00:00","article_modified_time":"2020-12-24T11:09:32+00:00","og_image":[{"width":760,"height":483,"url":"https:\/\/clothildelasserre.com\/wp-content\/uploads\/2018\/09\/Portes_Ouvertes_2018_featured.jpg","type":"image\/jpeg"}],"author":"Clothilde Lasserre","twitter_card":"summary_large_image","twitter_creator":"@clolasserre","twitter_site":"@clolasserre","twitter_misc":{"Written by":"Clothilde Lasserre"},"schema":{"@context":"https:\/\/schema.org","@graph":[{"@type":"Article","@id":"https:\/\/clothildelasserre.com\/en\/open-house-days-at-the-artist-studio\/#article","isPartOf":{"@id":"https:\/\/clothildelasserre.com\/en\/open-house-days-at-the-artist-studio\/"},"author":{"name":"Clothilde Lasserre","@id":"https:\/\/clothildelasserre.com\/#\/schema\/person\/0933af825f73a20ee2987ca96fa3b1bd"},"headline":"\u25fc Open House Days at the artist studio \u25fc","datePublished":"2018-09-15T12:48:34+00:00","dateModified":"2020-12-24T11:09:32+00:00","mainEntityOfPage":{"@id":"https:\/\/clothildelasserre.com\/en\/open-house-days-at-the-artist-studio\/"},"wordCount":65,"publisher":{"@id":"https:\/\/clothildelasserre.com\/#organization"},"image":{"@id":"https:\/\/clothildelasserre.com\/en\/open-house-days-at-the-artist-studio\/#primaryimage"},"thumbnailUrl":"https:\/\/clothildelasserre.com\/wp-content\/uploads\/2018\/09\/Portes_Ouvertes_2018_featured.jpg","articleSection":["Exhibitions"],"inLanguage":"en-US"},{"@type":"WebPage","@id":"https:\/\/clothildelasserre.com\/en\/open-house-days-at-the-artist-studio\/","url":"https:\/\/clothildelasserre.com\/en\/open-house-days-at-the-artist-studio\/","name":"\u25fc Open House Days at the artist studio \u25fc - Clothilde Lasserre","isPartOf":{"@id":"https:\/\/clothildelasserre.com\/#website"},"primaryImageOfPage":{"@id":"https:\/\/clothildelasserre.com\/en\/open-house-days-at-the-artist-studio\/#primaryimage"},"image":{"@id":"https:\/\/clothildelasserre.com\/en\/open-house-days-at-the-artist-studio\/#primaryimage"},"thumbnailUrl":"https:\/\/clothildelasserre.com\/wp-content\/uploads\/2018\/09\/Portes_Ouvertes_2018_featured.jpg","datePublished":"2018-09-15T12:48:34+00:00","dateModified":"2020-12-24T11:09:32+00:00","breadcrumb":{"@id":"https:\/\/clothildelasserre.com\/en\/open-house-days-at-the-artist-studio\/#breadcrumb"},"inLanguage":"en-US","potentialAction":[{"@type":"ReadAction","target":["https:\/\/clothildelasserre.com\/en\/open-house-days-at-the-artist-studio\/"]}]},{"@type":"ImageObject","inLanguage":"en-US","@id":"https:\/\/clothildelasserre.com\/en\/open-house-days-at-the-artist-studio\/#primaryimage","url":"https:\/\/clothildelasserre.com\/wp-content\/uploads\/2018\/09\/Portes_Ouvertes_2018_featured.jpg","contentUrl":"https:\/\/clothildelasserre.com\/wp-content\/uploads\/2018\/09\/Portes_Ouvertes_2018_featured.jpg","width":760,"height":483},{"@type":"BreadcrumbList","@id":"https:\/\/clothildelasserre.com\/en\/open-house-days-at-the-artist-studio\/#breadcrumb","itemListElement":[{"@type":"ListItem","position":1,"name":"Accueil","item":"https:\/\/clothildelasserre.com\/en\/"},{"@type":"ListItem","position":2,"name":"\u25fc Open House Days at the artist studio \u25fc"}]},{"@type":"WebSite","@id":"https:\/\/clothildelasserre.com\/#website","url":"https:\/\/clothildelasserre.com\/","name":"Clothilde Lasserre","description":"Artiste - France","publisher":{"@id":"https:\/\/clothildelasserre.com\/#organization"},"potentialAction":[{"@type":"SearchAction","target":{"@type":"EntryPoint","urlTemplate":"https:\/\/clothildelasserre.com\/?s={search_term_string}"},"query-input":{"@type":"PropertyValueSpecification","valueRequired":true,"valueName":"search_term_string"}}],"inLanguage":"en-US"},{"@type":"Organization","@id":"https:\/\/clothildelasserre.com\/#organization","name":"Clothilde Lasserre","url":"https:\/\/clothildelasserre.com\/","logo":{"@type":"ImageObject","inLanguage":"en-US","@id":"https:\/\/clothildelasserre.com\/#\/schema\/logo\/image\/","url":"https:\/\/clothildelasserre.com\/wp-content\/uploads\/2024\/09\/Clothilde-Lasserre-logo-retina.png","contentUrl":"https:\/\/clothildelasserre.com\/wp-content\/uploads\/2024\/09\/Clothilde-Lasserre-logo-retina.png","width":440,"height":246,"caption":"Clothilde Lasserre"},"image":{"@id":"https:\/\/clothildelasserre.com\/#\/schema\/logo\/image\/"},"sameAs":["https:\/\/fr-fr.facebook.com\/clothildelasserreartistepeintre\/","https:\/\/x.com\/clolasserre","https:\/\/www.instagram.com\/clothilde_lasserre_artist\/"]},{"@type":"Person","@id":"https:\/\/clothildelasserre.com\/#\/schema\/person\/0933af825f73a20ee2987ca96fa3b1bd","name":"Clothilde Lasserre"}]}},"taxonomy_info":{"category":[{"value":286,"label":"Exhibitions"}]},"featured_image_src_large":["https:\/\/clothildelasserre.com\/wp-content\/uploads\/2018\/09\/Portes_Ouvertes_2018_featured.jpg",760,483,false],"author_info":{"display_name":"Clothilde Lasserre","author_link":"https:\/\/clothildelasserre.com\/en\/author\/clo\/"},"comment_info":0,"category_info":[{"term_id":286,"name":"Exhibitions","slug":"exhibitions","term_group":0,"term_taxonomy_id":286,"taxonomy":"category","description":"","parent":0,"count":53,"filter":"raw","cat_ID":286,"category_count":53,"category_description":"","cat_name":"Exhibitions","category_nicename":"exhibitions","category_parent":0}],"tag_info":false,"_links":{"self":[{"href":"https:\/\/clothildelasserre.com\/en\/wp-json\/wp\/v2\/posts\/13077","targetHints":{"allow":["GET"]}}],"collection":[{"href":"https:\/\/clothildelasserre.com\/en\/wp-json\/wp\/v2\/posts"}],"about":[{"href":"https:\/\/clothildelasserre.com\/en\/wp-json\/wp\/v2\/types\/post"}],"author":[{"embeddable":true,"href":"https:\/\/clothildelasserre.com\/en\/wp-json\/wp\/v2\/users\/1"}],"replies":[{"embeddable":true,"href":"https:\/\/clothildelasserre.com\/en\/wp-json\/wp\/v2\/comments?post=13077"}],"version-history":[{"count":0,"href":"https:\/\/clothildelasserre.com\/en\/wp-json\/wp\/v2\/posts\/13077\/revisions"}],"wp:featuredmedia":[{"embeddable":true,"href":"https:\/\/clothildelasserre.com\/en\/wp-json\/wp\/v2\/media\/12076"}],"wp:attachment":[{"href":"https:\/\/clothildelasserre.com\/en\/wp-json\/wp\/v2\/media?parent=13077"}],"wp:term":[{"taxonomy":"category","embeddable":true,"href":"https:\/\/clothildelasserre.com\/en\/wp-json\/wp\/v2\/categories?post=13077"},{"taxonomy":"post_tag","embeddable":true,"href":"https:\/\/clothildelasserre.com\/en\/wp-json\/wp\/v2\/tags?post=13077"}],"curies":[{"name":"wp","href":"https:\/\/api.w.org\/{rel}","templated":true}]}}